{"id":1488,"date":"2019-02-10T11:24:46","date_gmt":"2019-02-10T10:24:46","guid":{"rendered":"https:\/\/wp.blasmusik-gebenbach.de\/?p=1488"},"modified":"2020-03-07T10:51:28","modified_gmt":"2020-03-07T09:51:28","slug":"probentag-2019","status":"publish","type":"post","link":"https:\/\/wp.blasmusik-gebenbach.de\/?p=1488","title":{"rendered":"Probentag 2019"},"content":{"rendered":"\n<p class=\"has-normal-font-size\"><strong>Zur Vorbereitung auf das allj\u00e4hrliche Fr\u00fchjahrskonzert versammelten sich  die Musiker des Hauptorchesters, um die Konzertst\u00fccke weiter zu  vertiefen. Wie in den letzten Jahren war Manuel Epli als externer Dozent  dazu eingeladen worden. Leider musste dieser aber aufgrund einer akuten Erkrankung kurzfristig absagen.<\/strong><\/p>\n\n\n\n<p>Spontan \u00fcbernahm Dirigent Gerhard B\u00f6ller die Vormittags- und Nachmittagsproben komplett und leitete das Orchester souver\u00e4n durch den  Probentag. Es wurden sechs Konzertst\u00fccke ausf\u00fchrlich geprobt und  besonders auf das ausdrucksvolle und dynamische Musizieren geachtet. In den n\u00e4chsten Wochen und am traditionellen Probenwochenende erhalten  die Musikst\u00fccke dann noch ihren letzten Feinschliff.<\/p>\n\n\n\n<div class=\"wp-block-image\"><figure class=\"aligncenter size-large is-resized\"><img loading=\"lazy\" decoding=\"async\" src=\"https:\/\/wp.blasmusik-gebenbach.de\/wp-content\/uploads\/2019_probentag_01.jpg\" alt=\"Probentag 2019\" class=\"wp-image-1489\" width=\"295\" height=\"430\" srcset=\"https:\/\/wp.blasmusik-gebenbach.de\/wp-content\/uploads\/2019_probentag_01.jpg 590w, https:\/\/wp.blasmusik-gebenbach.de\/wp-content\/uploads\/2019_probentag_01-206x300.jpg 206w\" sizes=\"auto, (max-width: 295px) 100vw, 295px\" \/><figcaption>Probentag 2019<\/figcaption><\/figure><\/div>\n","protected":false},"excerpt":{"rendered":"<p>Zur Vorbereitung auf das allj\u00e4hrliche Fr\u00fchjahrskonzert versammelten sich die Musiker des Hauptorchesters, um die Konzertst\u00fccke weiter zu vertiefen. Wie in den letzten Jahren war Manuel&hellip;<\/p>\n","protected":false},"author":1,"featured_media":1490,"comment_status":"closed","ping_status":"closed","sticky":false,"template":"","format":"standard","meta":{"qubely_global_settings":"","qubely_interactions":"","inline_featured_image":false,"_uag_custom_page_level_css":"","footnotes":""},"categories":[1],"tags":[],"class_list":["post-1488","post","type-post","status-publish","format-standard","has-post-thumbnail","hentry","category-allgemein"],"qubely_featured_image_url":{"full":["https:\/\/wp.blasmusik-gebenbach.de\/wp-content\/uploads\/2019_probentag_02.jpg",1281,665,false],"landscape":["https:\/\/wp.blasmusik-gebenbach.de\/wp-content\/uploads\/2019_probentag_02-1200x665.jpg",1200,665,true],"portraits":["https:\/\/wp.blasmusik-gebenbach.de\/wp-content\/uploads\/2019_probentag_02-540x320.jpg",540,320,true],"thumbnail":["https:\/\/wp.blasmusik-gebenbach.de\/wp-content\/uploads\/2019_probentag_02-150x150.jpg",150,150,true],"medium":["https:\/\/wp.blasmusik-gebenbach.de\/wp-content\/uploads\/2019_probentag_02-300x156.jpg",300,156,true],"medium_large":["https:\/\/wp.blasmusik-gebenbach.de\/wp-content\/uploads\/2019_probentag_02-768x399.jpg",768,399,true],"large":["https:\/\/wp.blasmusik-gebenbach.de\/wp-content\/uploads\/2019_probentag_02-1024x532.jpg",843,438,true],"1536x1536":["https:\/\/wp.blasmusik-gebenbach.de\/wp-content\/uploads\/2019_probentag_02.jpg",1281,665,false],"2048x2048":["https:\/\/wp.blasmusik-gebenbach.de\/wp-content\/uploads\/2019_probentag_02.jpg",1281,665,false],"qubely_landscape":["https:\/\/wp.blasmusik-gebenbach.de\/wp-content\/uploads\/2019_probentag_02-1200x665.jpg",1200,665,true],"qubely_portrait":["https:\/\/wp.blasmusik-gebenbach.de\/wp-content\/uploads\/2019_probentag_02-540x320.jpg",540,320,true],"qubely_thumbnail":["https:\/\/wp.blasmusik-gebenbach.de\/wp-content\/uploads\/2019_probentag_02-140x100.jpg",140,100,true]},"qubely_author":{"display_name":"wp_admin","author_link":"https:\/\/wp.blasmusik-gebenbach.de\/?author=1"},"qubely_comment":0,"qubely_category":"<a href=\"https:\/\/wp.blasmusik-gebenbach.de\/?cat=1\" rel=\"category\">Allgemein<\/a>","qubely_excerpt":"Zur Vorbereitung auf das allj\u00e4hrliche Fr\u00fchjahrskonzert versammelten sich die Musiker des Hauptorchesters, um die Konzertst\u00fccke weiter zu vertiefen. Wie in den letzten Jahren war Manuel&hellip;","uagb_featured_image_src":{"full":["https:\/\/wp.blasmusik-gebenbach.de\/wp-content\/uploads\/2019_probentag_02.jpg",1281,665,false],"thumbnail":["https:\/\/wp.blasmusik-gebenbach.de\/wp-content\/uploads\/2019_probentag_02-150x150.jpg",150,150,true],"medium":["https:\/\/wp.blasmusik-gebenbach.de\/wp-content\/uploads\/2019_probentag_02-300x156.jpg",300,156,true],"medium_large":["https:\/\/wp.blasmusik-gebenbach.de\/wp-content\/uploads\/2019_probentag_02-768x399.jpg",768,399,true],"large":["https:\/\/wp.blasmusik-gebenbach.de\/wp-content\/uploads\/2019_probentag_02-1024x532.jpg",843,438,true],"1536x1536":["https:\/\/wp.blasmusik-gebenbach.de\/wp-content\/uploads\/2019_probentag_02.jpg",1281,665,false],"2048x2048":["https:\/\/wp.blasmusik-gebenbach.de\/wp-content\/uploads\/2019_probentag_02.jpg",1281,665,false],"qubely_landscape":["https:\/\/wp.blasmusik-gebenbach.de\/wp-content\/uploads\/2019_probentag_02-1200x665.jpg",1200,665,true],"qubely_portrait":["https:\/\/wp.blasmusik-gebenbach.de\/wp-content\/uploads\/2019_probentag_02-540x320.jpg",540,320,true],"qubely_thumbnail":["https:\/\/wp.blasmusik-gebenbach.de\/wp-content\/uploads\/2019_probentag_02-140x100.jpg",140,100,true]},"uagb_author_info":{"display_name":"wp_admin","author_link":"https:\/\/wp.blasmusik-gebenbach.de\/?author=1"},"uagb_comment_info":0,"uagb_excerpt":"Zur Vorbereitung auf das allj\u00e4hrliche Fr\u00fchjahrskonzert versammelten sich die Musiker des Hauptorchesters, um die Konzertst\u00fccke weiter zu vertiefen. Wie in den letzten Jahren war Manuel&hellip;","_links":{"self":[{"href":"https:\/\/wp.blasmusik-gebenbach.de\/index.php?rest_route=\/wp\/v2\/posts\/1488","targetHints":{"allow":["GET"]}}],"collection":[{"href":"https:\/\/wp.blasmusik-gebenbach.de\/index.php?rest_route=\/wp\/v2\/posts"}],"about":[{"href":"https:\/\/wp.blasmusik-gebenbach.de\/index.php?rest_route=\/wp\/v2\/types\/post"}],"author":[{"embeddable":true,"href":"https:\/\/wp.blasmusik-gebenbach.de\/index.php?rest_route=\/wp\/v2\/users\/1"}],"replies":[{"embeddable":true,"href":"https:\/\/wp.blasmusik-gebenbach.de\/index.php?rest_route=%2Fwp%2Fv2%2Fcomments&post=1488"}],"version-history":[{"count":0,"href":"https:\/\/wp.blasmusik-gebenbach.de\/index.php?rest_route=\/wp\/v2\/posts\/1488\/revisions"}],"wp:featuredmedia":[{"embeddable":true,"href":"https:\/\/wp.blasmusik-gebenbach.de\/index.php?rest_route=\/wp\/v2\/media\/1490"}],"wp:attachment":[{"href":"https:\/\/wp.blasmusik-gebenbach.de\/index.php?rest_route=%2Fwp%2Fv2%2Fmedia&parent=1488"}],"wp:term":[{"taxonomy":"category","embeddable":true,"href":"https:\/\/wp.blasmusik-gebenbach.de\/index.php?rest_route=%2Fwp%2Fv2%2Fcategories&post=1488"},{"taxonomy":"post_tag","embeddable":true,"href":"https:\/\/wp.blasmusik-gebenbach.de\/index.php?rest_route=%2Fwp%2Fv2%2Ftags&post=1488"}],"curies":[{"name":"wp","href":"https:\/\/api.w.org\/{rel}","templated":true}]}}