{"id":2433,"date":"2021-07-03T11:36:03","date_gmt":"2021-07-03T09:36:03","guid":{"rendered":"https:\/\/wp.blasmusik-gebenbach.de\/?p=2433"},"modified":"2021-07-03T11:37:04","modified_gmt":"2021-07-03T09:37:04","slug":"bmg-ausflug-nach-linz","status":"publish","type":"post","link":"https:\/\/wp.blasmusik-gebenbach.de\/?p=2433","title":{"rendered":"BMG-Ausflug nach Linz"},"content":{"rendered":"\n<h3 class=\"wp-block-heading\"><strong>Liebe Musiker*innen und Freunde der Blasmusik,<\/strong><\/h3>\n\n\n\n<p>nachdem 2020 der Ausflug nach <strong>Linz in \u00d6sterreich<\/strong> coronabedingt ausfallen musste, wird die Fahrt nun vom <strong>18.-19. September 2021<\/strong> nachgeholt.<\/p>\n\n\n\n<p><strong>Das Programm kurz zusammengefasst:<\/strong><\/p>\n\n\n\n<ul class=\"wp-block-list\"><li>Abfahrt am Samstag um 6.00 Uhr in Gebenbach<\/li><li>Besuch der Voestalpine Stahlwelt<\/li><li>Einchecken ins Dom-Hotel (****)<\/li><li>Kulinarische Stadtf\u00fchrung<\/li><li>Sonntag: F\u00fchrung im Ars Electronica Center<\/li><li>Schiffsrundfahrt mit M\u00f6glichkeit zum Mittagessen<\/li><li>R\u00fcckfahrt (evtl. mit Abendessen)<\/li><\/ul>\n\n\n\n<p>Weitere Informationen k\u00f6nnt ihr diesem <a href=\"https:\/\/wp.blasmusik-gebenbach.de\/wp-content\/uploads\/BMG_Linz_2021-Beschreibung.pdf\" target=\"_blank\" rel=\"noreferrer noopener\"><strong>Flyer<\/strong><\/a> entnehmen. <\/p>\n\n\n\n<p><strong>Anmeldung <\/strong>ist bis zum<strong> 31.07.2021<\/strong> m\u00f6glich. Hierzu bitte das vollst\u00e4ndig ausgef\u00fcllte Formular (<a href=\"https:\/\/wp.blasmusik-gebenbach.de\/wp-content\/uploads\/BMG_Anmeldung_2021.pdf\" target=\"_blank\" rel=\"noreferrer noopener\">Download<\/a>) bei Johannes Gottschalk abgeben oder per E-Mail an <a rel=\"noreferrer noopener\" href=\"mailto:vorstand@blasmusik-gebenbach.de\" target=\"_blank\">vorstand@blasmusik-gebenbach.de<\/a> senden.<\/p>\n\n\n\n<div class=\"wp-block-image\"><figure class=\"aligncenter size-large is-resized\"><a href=\"https:\/\/wp.blasmusik-gebenbach.de\/wp-content\/uploads\/linz-3743776_1280.jpg\" data-rel=\"lightbox-image-0\" data-magnific_type=\"image\" data-rl_title=\"Linz Hauptplatz\" data-rl_caption=\"\" title=\"Linz Hauptplatz\"><img loading=\"lazy\" decoding=\"async\" src=\"https:\/\/wp.blasmusik-gebenbach.de\/wp-content\/uploads\/linz-3743776_1280-1024x682.jpg\" alt=\"Linz Hauptplatz\" class=\"wp-image-2432\" width=\"512\" height=\"341\" srcset=\"https:\/\/wp.blasmusik-gebenbach.de\/wp-content\/uploads\/linz-3743776_1280-1024x682.jpg 1024w, https:\/\/wp.blasmusik-gebenbach.de\/wp-content\/uploads\/linz-3743776_1280-300x200.jpg 300w, https:\/\/wp.blasmusik-gebenbach.de\/wp-content\/uploads\/linz-3743776_1280-768x512.jpg 768w, https:\/\/wp.blasmusik-gebenbach.de\/wp-content\/uploads\/linz-3743776_1280.jpg 1280w\" sizes=\"auto, (max-width: 512px) 100vw, 512px\" \/><\/a><figcaption>Linz Hauptplatz<\/figcaption><\/figure><\/div>\n","protected":false},"excerpt":{"rendered":"<p>Liebe Musiker*innen und Freunde der Blasmusik, nachdem 2020 der Ausflug nach Linz in \u00d6sterreich coronabedingt ausfallen musste, wird die Fahrt nun vom 18.-19. September 2021&hellip;<\/p>\n","protected":false},"author":1,"featured_media":2431,"comment_status":"closed","ping_status":"closed","sticky":false,"template":"","format":"standard","meta":{"qubely_global_settings":"true","qubely_interactions":"","inline_featured_image":false,"_uag_custom_page_level_css":"","footnotes":""},"categories":[1],"tags":[],"class_list":["post-2433","post","type-post","status-publish","format-standard","has-post-thumbnail","hentry","category-allgemein"],"qubely_featured_image_url":{"full":["https:\/\/wp.blasmusik-gebenbach.de\/wp-content\/uploads\/linz-396627_1280.jpg",1280,960,false],"landscape":["https:\/\/wp.blasmusik-gebenbach.de\/wp-content\/uploads\/linz-396627_1280-1200x750.jpg",1200,750,true],"portraits":["https:\/\/wp.blasmusik-gebenbach.de\/wp-content\/uploads\/linz-396627_1280-540x320.jpg",540,320,true],"thumbnail":["https:\/\/wp.blasmusik-gebenbach.de\/wp-content\/uploads\/linz-396627_1280-150x150.jpg",150,150,true],"medium":["https:\/\/wp.blasmusik-gebenbach.de\/wp-content\/uploads\/linz-396627_1280-300x225.jpg",300,225,true],"medium_large":["https:\/\/wp.blasmusik-gebenbach.de\/wp-content\/uploads\/linz-396627_1280-768x576.jpg",768,576,true],"large":["https:\/\/wp.blasmusik-gebenbach.de\/wp-content\/uploads\/linz-396627_1280-1024x768.jpg",843,632,true],"1536x1536":["https:\/\/wp.blasmusik-gebenbach.de\/wp-content\/uploads\/linz-396627_1280.jpg",1280,960,false],"2048x2048":["https:\/\/wp.blasmusik-gebenbach.de\/wp-content\/uploads\/linz-396627_1280.jpg",1280,960,false],"qubely_landscape":["https:\/\/wp.blasmusik-gebenbach.de\/wp-content\/uploads\/linz-396627_1280-1200x750.jpg",1200,750,true],"qubely_portrait":["https:\/\/wp.blasmusik-gebenbach.de\/wp-content\/uploads\/linz-396627_1280-540x320.jpg",540,320,true],"qubely_thumbnail":["https:\/\/wp.blasmusik-gebenbach.de\/wp-content\/uploads\/linz-396627_1280-140x100.jpg",140,100,true]},"qubely_author":{"display_name":"wp_admin","author_link":"https:\/\/wp.blasmusik-gebenbach.de\/?author=1"},"qubely_comment":0,"qubely_category":"<a href=\"https:\/\/wp.blasmusik-gebenbach.de\/?cat=1\" rel=\"category\">Allgemein<\/a>","qubely_excerpt":"Liebe Musiker*innen und Freunde der Blasmusik, nachdem 2020 der Ausflug nach Linz in \u00d6sterreich coronabedingt ausfallen musste, wird die Fahrt nun vom 18.-19. September 2021&hellip;","uagb_featured_image_src":{"full":["https:\/\/wp.blasmusik-gebenbach.de\/wp-content\/uploads\/linz-396627_1280.jpg",1280,960,false],"thumbnail":["https:\/\/wp.blasmusik-gebenbach.de\/wp-content\/uploads\/linz-396627_1280-150x150.jpg",150,150,true],"medium":["https:\/\/wp.blasmusik-gebenbach.de\/wp-content\/uploads\/linz-396627_1280-300x225.jpg",300,225,true],"medium_large":["https:\/\/wp.blasmusik-gebenbach.de\/wp-content\/uploads\/linz-396627_1280-768x576.jpg",768,576,true],"large":["https:\/\/wp.blasmusik-gebenbach.de\/wp-content\/uploads\/linz-396627_1280-1024x768.jpg",843,632,true],"1536x1536":["https:\/\/wp.blasmusik-gebenbach.de\/wp-content\/uploads\/linz-396627_1280.jpg",1280,960,false],"2048x2048":["https:\/\/wp.blasmusik-gebenbach.de\/wp-content\/uploads\/linz-396627_1280.jpg",1280,960,false],"qubely_landscape":["https:\/\/wp.blasmusik-gebenbach.de\/wp-content\/uploads\/linz-396627_1280-1200x750.jpg",1200,750,true],"qubely_portrait":["https:\/\/wp.blasmusik-gebenbach.de\/wp-content\/uploads\/linz-396627_1280-540x320.jpg",540,320,true],"qubely_thumbnail":["https:\/\/wp.blasmusik-gebenbach.de\/wp-content\/uploads\/linz-396627_1280-140x100.jpg",140,100,true]},"uagb_author_info":{"display_name":"wp_admin","author_link":"https:\/\/wp.blasmusik-gebenbach.de\/?author=1"},"uagb_comment_info":0,"uagb_excerpt":"Liebe Musiker*innen und Freunde der Blasmusik, nachdem 2020 der Ausflug nach Linz in \u00d6sterreich coronabedingt ausfallen musste, wird die Fahrt nun vom 18.-19. September 2021&hellip;","_links":{"self":[{"href":"https:\/\/wp.blasmusik-gebenbach.de\/index.php?rest_route=\/wp\/v2\/posts\/2433","targetHints":{"allow":["GET"]}}],"collection":[{"href":"https:\/\/wp.blasmusik-gebenbach.de\/index.php?rest_route=\/wp\/v2\/posts"}],"about":[{"href":"https:\/\/wp.blasmusik-gebenbach.de\/index.php?rest_route=\/wp\/v2\/types\/post"}],"author":[{"embeddable":true,"href":"https:\/\/wp.blasmusik-gebenbach.de\/index.php?rest_route=\/wp\/v2\/users\/1"}],"replies":[{"embeddable":true,"href":"https:\/\/wp.blasmusik-gebenbach.de\/index.php?rest_route=%2Fwp%2Fv2%2Fcomments&post=2433"}],"version-history":[{"count":0,"href":"https:\/\/wp.blasmusik-gebenbach.de\/index.php?rest_route=\/wp\/v2\/posts\/2433\/revisions"}],"wp:featuredmedia":[{"embeddable":true,"href":"https:\/\/wp.blasmusik-gebenbach.de\/index.php?rest_route=\/wp\/v2\/media\/2431"}],"wp:attachment":[{"href":"https:\/\/wp.blasmusik-gebenbach.de\/index.php?rest_route=%2Fwp%2Fv2%2Fmedia&parent=2433"}],"wp:term":[{"taxonomy":"category","embeddable":true,"href":"https:\/\/wp.blasmusik-gebenbach.de\/index.php?rest_route=%2Fwp%2Fv2%2Fcategories&post=2433"},{"taxonomy":"post_tag","embeddable":true,"href":"https:\/\/wp.blasmusik-gebenbach.de\/index.php?rest_route=%2Fwp%2Fv2%2Ftags&post=2433"}],"curies":[{"name":"wp","href":"https:\/\/api.w.org\/{rel}","templated":true}]}}