{"id":2664,"date":"2021-06-20T17:02:07","date_gmt":"2021-06-20T15:02:07","guid":{"rendered":"https:\/\/wp.blasmusik-gebenbach.de\/?p=2664"},"modified":"2021-07-26T19:15:08","modified_gmt":"2021-07-26T17:15:08","slug":"unfassbar-traurig-nehmen-wir-abschied-von-unserem-ehrenvorsitzenden-alfons-schoepf","status":"publish","type":"post","link":"https:\/\/wp.blasmusik-gebenbach.de\/?p=2664","title":{"rendered":"Unfassbar traurig nehmen wir Abschied von unserem Ehrenvorsitzenden Alfons Sch\u00f6pf"},"content":{"rendered":"\n<p>Am 14. Juni 2021 verstarb Alfons Sch\u00f6pf. Mit ihm verliert die Blasmusik Gebenbach einen ihrer Gr\u00fcndungsv\u00e4ter. Er war 1978 \u2013 damals noch als Pfarrgemeinderatsvorsitzender \u2013 der <strong>Ideengeber <\/strong>und einer der <strong>Hauptinitiatoren<\/strong>, die die Gr\u00fcndung einer Blasmusikgruppe vorbereiteten und \u00fcberhaupt erst erm\u00f6glichten.<\/p>\n\n\n\n<p>F\u00fcr ihn war es eine Selbstverst\u00e4ndlichkeit, mit anzupacken. So wurde er bei der Gr\u00fcndungsversammlung im Jahr 1980 als <strong>2. Vorsitzender der Blasmusik Gebenbach<\/strong> gew\u00e4hlt und \u00fcbte dieses Amt ganze 16 Jahre mit \u00e4u\u00dferst gro\u00dfem Engagement aus.<\/p>\n\n\n\n<p>F\u00fcr seine Verdienste \u2013 gerade in den schwierigen Anfangsjahren \u2013 wurde er 1996 zum <strong>Ehrenvorsitzenden<\/strong> ernannt.<\/p>\n\n\n\n<p>Alfons k\u00fcmmerte sich liebevoll um jeden einzelnen der ihm anvertrauten Musiker, und achtete immer auf korrekte Abl\u00e4ufe im Verein. Und nat\u00fcrlich griff er auch selbst zum Instrument \u2013 zur Trommel oder den Marschbecken.<\/p>\n\n\n\n<p>Aber auch sp\u00e4ter \u2013 sozusagen im musikalischen Ruhestand \u2013 blieb er uns treu, besuchte so gut wie jedes Konzert und jede Veranstaltung und hatte gro\u00dfes Interesse daran, wie es mit \u201eseiner Blasmusik\u201c weiter ging.<\/p>\n\n\n\n<p>Allen seinen Kindern und Enkelkindern hat er die <strong>Liebe zur Musik<\/strong> in die Wiege gelegt und ihnen damit ein gro\u00dfes Geschenk gemacht. Vielfach waren und sind auch sie in der Blasmusik Gebenbach engagiert. Dies hat ihn mit besonderem Stolz erf\u00fcllte.<\/p>\n\n\n\n<p>Unser tiefstes Mitgef\u00fchl gilt der gesamten Familie Sch\u00f6pf. Wir w\u00fcnschen ihr, dass die schmerzhafte Trauer sehr bald der Erinnerung an einen lieben Menschen weichen wird.<\/p>\n","protected":false},"excerpt":{"rendered":"<p>Am 14. Juni 2021 verstarb Alfons Sch\u00f6pf. Mit ihm verliert die Blasmusik Gebenbach einen ihrer Gr\u00fcndungsv\u00e4ter. Er war 1978 \u2013 damals noch als Pfarrgemeinderatsvorsitzender \u2013&hellip;<\/p>\n","protected":false},"author":1,"featured_media":2665,"comment_status":"closed","ping_status":"closed","sticky":false,"template":"","format":"standard","meta":{"qubely_global_settings":"","qubely_interactions":"","inline_featured_image":false,"_uag_custom_page_level_css":"","footnotes":""},"categories":[1],"tags":[],"class_list":["post-2664","post","type-post","status-publish","format-standard","has-post-thumbnail","hentry","category-allgemein"],"qubely_featured_image_url":{"full":["https:\/\/wp.blasmusik-gebenbach.de\/wp-content\/uploads\/Alfons-Schoepf.jpg",719,824,false],"landscape":["https:\/\/wp.blasmusik-gebenbach.de\/wp-content\/uploads\/Alfons-Schoepf-719x750.jpg",719,750,true],"portraits":["https:\/\/wp.blasmusik-gebenbach.de\/wp-content\/uploads\/Alfons-Schoepf-540x320.jpg",540,320,true],"thumbnail":["https:\/\/wp.blasmusik-gebenbach.de\/wp-content\/uploads\/Alfons-Schoepf-150x150.jpg",150,150,true],"medium":["https:\/\/wp.blasmusik-gebenbach.de\/wp-content\/uploads\/Alfons-Schoepf-262x300.jpg",262,300,true],"medium_large":["https:\/\/wp.blasmusik-gebenbach.de\/wp-content\/uploads\/Alfons-Schoepf.jpg",719,824,false],"large":["https:\/\/wp.blasmusik-gebenbach.de\/wp-content\/uploads\/Alfons-Schoepf.jpg",719,824,false],"1536x1536":["https:\/\/wp.blasmusik-gebenbach.de\/wp-content\/uploads\/Alfons-Schoepf.jpg",719,824,false],"2048x2048":["https:\/\/wp.blasmusik-gebenbach.de\/wp-content\/uploads\/Alfons-Schoepf.jpg",719,824,false],"qubely_landscape":["https:\/\/wp.blasmusik-gebenbach.de\/wp-content\/uploads\/Alfons-Schoepf-719x750.jpg",719,750,true],"qubely_portrait":["https:\/\/wp.blasmusik-gebenbach.de\/wp-content\/uploads\/Alfons-Schoepf-540x320.jpg",540,320,true],"qubely_thumbnail":["https:\/\/wp.blasmusik-gebenbach.de\/wp-content\/uploads\/Alfons-Schoepf-140x100.jpg",140,100,true]},"qubely_author":{"display_name":"wp_admin","author_link":"https:\/\/wp.blasmusik-gebenbach.de\/?author=1"},"qubely_comment":0,"qubely_category":"<a href=\"https:\/\/wp.blasmusik-gebenbach.de\/?cat=1\" rel=\"category\">Allgemein<\/a>","qubely_excerpt":"Am 14. Juni 2021 verstarb Alfons Sch\u00f6pf. Mit ihm verliert die Blasmusik Gebenbach einen ihrer Gr\u00fcndungsv\u00e4ter. Er war 1978 \u2013 damals noch als Pfarrgemeinderatsvorsitzender \u2013&hellip;","uagb_featured_image_src":{"full":["https:\/\/wp.blasmusik-gebenbach.de\/wp-content\/uploads\/Alfons-Schoepf.jpg",719,824,false],"thumbnail":["https:\/\/wp.blasmusik-gebenbach.de\/wp-content\/uploads\/Alfons-Schoepf-150x150.jpg",150,150,true],"medium":["https:\/\/wp.blasmusik-gebenbach.de\/wp-content\/uploads\/Alfons-Schoepf-262x300.jpg",262,300,true],"medium_large":["https:\/\/wp.blasmusik-gebenbach.de\/wp-content\/uploads\/Alfons-Schoepf.jpg",719,824,false],"large":["https:\/\/wp.blasmusik-gebenbach.de\/wp-content\/uploads\/Alfons-Schoepf.jpg",719,824,false],"1536x1536":["https:\/\/wp.blasmusik-gebenbach.de\/wp-content\/uploads\/Alfons-Schoepf.jpg",719,824,false],"2048x2048":["https:\/\/wp.blasmusik-gebenbach.de\/wp-content\/uploads\/Alfons-Schoepf.jpg",719,824,false],"qubely_landscape":["https:\/\/wp.blasmusik-gebenbach.de\/wp-content\/uploads\/Alfons-Schoepf-719x750.jpg",719,750,true],"qubely_portrait":["https:\/\/wp.blasmusik-gebenbach.de\/wp-content\/uploads\/Alfons-Schoepf-540x320.jpg",540,320,true],"qubely_thumbnail":["https:\/\/wp.blasmusik-gebenbach.de\/wp-content\/uploads\/Alfons-Schoepf-140x100.jpg",140,100,true]},"uagb_author_info":{"display_name":"wp_admin","author_link":"https:\/\/wp.blasmusik-gebenbach.de\/?author=1"},"uagb_comment_info":0,"uagb_excerpt":"Am 14. Juni 2021 verstarb Alfons Sch\u00f6pf. Mit ihm verliert die Blasmusik Gebenbach einen ihrer Gr\u00fcndungsv\u00e4ter. Er war 1978 \u2013 damals noch als Pfarrgemeinderatsvorsitzender \u2013&hellip;","_links":{"self":[{"href":"https:\/\/wp.blasmusik-gebenbach.de\/index.php?rest_route=\/wp\/v2\/posts\/2664","targetHints":{"allow":["GET"]}}],"collection":[{"href":"https:\/\/wp.blasmusik-gebenbach.de\/index.php?rest_route=\/wp\/v2\/posts"}],"about":[{"href":"https:\/\/wp.blasmusik-gebenbach.de\/index.php?rest_route=\/wp\/v2\/types\/post"}],"author":[{"embeddable":true,"href":"https:\/\/wp.blasmusik-gebenbach.de\/index.php?rest_route=\/wp\/v2\/users\/1"}],"replies":[{"embeddable":true,"href":"https:\/\/wp.blasmusik-gebenbach.de\/index.php?rest_route=%2Fwp%2Fv2%2Fcomments&post=2664"}],"version-history":[{"count":0,"href":"https:\/\/wp.blasmusik-gebenbach.de\/index.php?rest_route=\/wp\/v2\/posts\/2664\/revisions"}],"wp:featuredmedia":[{"embeddable":true,"href":"https:\/\/wp.blasmusik-gebenbach.de\/index.php?rest_route=\/wp\/v2\/media\/2665"}],"wp:attachment":[{"href":"https:\/\/wp.blasmusik-gebenbach.de\/index.php?rest_route=%2Fwp%2Fv2%2Fmedia&parent=2664"}],"wp:term":[{"taxonomy":"category","embeddable":true,"href":"https:\/\/wp.blasmusik-gebenbach.de\/index.php?rest_route=%2Fwp%2Fv2%2Fcategories&post=2664"},{"taxonomy":"post_tag","embeddable":true,"href":"https:\/\/wp.blasmusik-gebenbach.de\/index.php?rest_route=%2Fwp%2Fv2%2Ftags&post=2664"}],"curies":[{"name":"wp","href":"https:\/\/api.w.org\/{rel}","templated":true}]}}