{"id":2682,"date":"2021-07-26T19:22:32","date_gmt":"2021-07-26T17:22:32","guid":{"rendered":"https:\/\/wp.blasmusik-gebenbach.de\/?p=2682"},"modified":"2021-07-26T19:22:33","modified_gmt":"2021-07-26T17:22:33","slug":"die-blasmusik-trauert-um-martin-schuesslbauer","status":"publish","type":"post","link":"https:\/\/wp.blasmusik-gebenbach.de\/?p=2682","title":{"rendered":"Die Blasmusik trauert um Martin Sch\u00fc\u00dflbauer"},"content":{"rendered":"\n<p>Am 22. Juli 2021 verstarb Martin Sch\u00fc\u00dflbauer. Nur wenige Wochen nach dem Tod von Alfons Sch\u00f6pf verliert die Blasmusik Gebenbach damit den zweiten ihrer beiden Gr\u00fcndungsv\u00e4ter. Das Requiem mit anschlie\u00dfender Urnenbeisetzung findet am Freitag, 30. Juli um 14:30 Uhr in Gebenbach statt.<\/p>\n\n\n\n<div class=\"wp-block-columns is-layout-flex wp-container-core-columns-is-layout-9d6595d7 wp-block-columns-is-layout-flex\">\n<div class=\"wp-block-column is-layout-flow wp-block-column-is-layout-flow\">\n<p>Martin war im Jahr 1978 Ideengeber und einer der Hauptinitiatoren, die die Gr\u00fcndung einer Blasmusikgruppe vorbereiteten und \u00fcberhaupt erst erm\u00f6glichten. Bei der Gr\u00fcndungsversammlung der Blasmusik Gebenbach im Jahr 1980 wurde er schlie\u00dflich als 1. Vorsitzender des neuen Vereins gew\u00e4hlt und \u00fcbte dieses Amt ganze 16 Jahre mit \u00e4u\u00dferst gro\u00dfem Engagement aus.<br><br>Gerade in den schwierigen Anfangsjahren, in denen man mit wenig Unterst\u00fctzung und viel Skepsis von au\u00dfen zu tun hatte, hielt er die Fahne f\u00fcr die Blasmusik Gebenbach hoch, brachte sich als Notenwart, Zeugwart und aktiver Musiker an der Trommel unerm\u00fcdlich ein und gab nicht auf. Er konnte zu Recht stolz auf die Entwicklung \u201eseines Vereins\u201c sein. F\u00fcr seine Verdienste wurde er 1996 zum Ehrenvorsitzenden ernannt.<br><br>Martin war bekannt und gesch\u00e4tzt f\u00fcr seine bescheidene Art. Er mochte sich selbst nicht zu sehr in den Mittelpunkt stellen, arbeitete aber immer mit vollem Elan mit. Weitere sechs Jahre bekleidete er das Amt als Beisitzer in der Vorstandschaft. Selbst noch 2005 \u2013 l\u00e4ngst im musikalischen Ruhestand \u2013 war sein Rat als Festausschussmitglied beim Vereinsjubil\u00e4um sehr willkommen und gefragt.<br><br>So lange es seine Gesundheit erm\u00f6glichte, blieb uns Martin treu, als Konzertbesucher bei fast jedem Konzert sowie als interessiertes Mitglied bei so gut wie jeder Vereinsveranstaltung.<br><br>Unser tiefstes Mitgef\u00fchl gilt der gesamten Familie Sch\u00fc\u00dflbauer. Wir w\u00fcnschen ihr, dass die schmerzhafte Trauer sehr bald der Erinnerung an einen lieben Menschen weichen wird. <\/p>\n<\/div>\n\n\n\n<div class=\"wp-block-column is-layout-flow wp-block-column-is-layout-flow\">\n<figure class=\"wp-block-image size-full\"><img loading=\"lazy\" decoding=\"async\" width=\"458\" height=\"812\" src=\"https:\/\/wp.blasmusik-gebenbach.de\/wp-content\/uploads\/Martin-Schuesslbauer.jpg\" alt=\"\" class=\"wp-image-2683\" srcset=\"https:\/\/wp.blasmusik-gebenbach.de\/wp-content\/uploads\/Martin-Schuesslbauer.jpg 458w, https:\/\/wp.blasmusik-gebenbach.de\/wp-content\/uploads\/Martin-Schuesslbauer-169x300.jpg 169w\" sizes=\"auto, (max-width: 458px) 100vw, 458px\" \/><\/figure>\n<\/div>\n<\/div>\n","protected":false},"excerpt":{"rendered":"<p>Am 22. Juli 2021 verstarb Martin Sch\u00fc\u00dflbauer. Nur wenige Wochen nach dem Tod von Alfons Sch\u00f6pf verliert die Blasmusik Gebenbach damit den zweiten ihrer beiden&hellip;<\/p>\n","protected":false},"author":1,"featured_media":0,"comment_status":"closed","ping_status":"closed","sticky":false,"template":"","format":"standard","meta":{"qubely_global_settings":"","qubely_interactions":"","inline_featured_image":false,"_uag_custom_page_level_css":"","footnotes":""},"categories":[1],"tags":[],"class_list":["post-2682","post","type-post","status-publish","format-standard","hentry","category-allgemein"],"qubely_featured_image_url":null,"qubely_author":{"display_name":"wp_admin","author_link":"https:\/\/wp.blasmusik-gebenbach.de\/?author=1"},"qubely_comment":0,"qubely_category":"<a href=\"https:\/\/wp.blasmusik-gebenbach.de\/?cat=1\" rel=\"category\">Allgemein<\/a>","qubely_excerpt":"Am 22. Juli 2021 verstarb Martin Sch\u00fc\u00dflbauer. Nur wenige Wochen nach dem Tod von Alfons Sch\u00f6pf verliert die Blasmusik Gebenbach damit den zweiten ihrer beiden&hellip;","uagb_featured_image_src":{"full":false,"thumbnail":false,"medium":false,"medium_large":false,"large":false,"1536x1536":false,"2048x2048":false,"qubely_landscape":false,"qubely_portrait":false,"qubely_thumbnail":false},"uagb_author_info":{"display_name":"wp_admin","author_link":"https:\/\/wp.blasmusik-gebenbach.de\/?author=1"},"uagb_comment_info":0,"uagb_excerpt":"Am 22. Juli 2021 verstarb Martin Sch\u00fc\u00dflbauer. Nur wenige Wochen nach dem Tod von Alfons Sch\u00f6pf verliert die Blasmusik Gebenbach damit den zweiten ihrer beiden&hellip;","_links":{"self":[{"href":"https:\/\/wp.blasmusik-gebenbach.de\/index.php?rest_route=\/wp\/v2\/posts\/2682","targetHints":{"allow":["GET"]}}],"collection":[{"href":"https:\/\/wp.blasmusik-gebenbach.de\/index.php?rest_route=\/wp\/v2\/posts"}],"about":[{"href":"https:\/\/wp.blasmusik-gebenbach.de\/index.php?rest_route=\/wp\/v2\/types\/post"}],"author":[{"embeddable":true,"href":"https:\/\/wp.blasmusik-gebenbach.de\/index.php?rest_route=\/wp\/v2\/users\/1"}],"replies":[{"embeddable":true,"href":"https:\/\/wp.blasmusik-gebenbach.de\/index.php?rest_route=%2Fwp%2Fv2%2Fcomments&post=2682"}],"version-history":[{"count":0,"href":"https:\/\/wp.blasmusik-gebenbach.de\/index.php?rest_route=\/wp\/v2\/posts\/2682\/revisions"}],"wp:attachment":[{"href":"https:\/\/wp.blasmusik-gebenbach.de\/index.php?rest_route=%2Fwp%2Fv2%2Fmedia&parent=2682"}],"wp:term":[{"taxonomy":"category","embeddable":true,"href":"https:\/\/wp.blasmusik-gebenbach.de\/index.php?rest_route=%2Fwp%2Fv2%2Fcategories&post=2682"},{"taxonomy":"post_tag","embeddable":true,"href":"https:\/\/wp.blasmusik-gebenbach.de\/index.php?rest_route=%2Fwp%2Fv2%2Ftags&post=2682"}],"curies":[{"name":"wp","href":"https:\/\/api.w.org\/{rel}","templated":true}]}}