{"id":2695,"date":"2021-09-11T09:22:14","date_gmt":"2021-09-11T07:22:14","guid":{"rendered":"https:\/\/wp.blasmusik-gebenbach.de\/?p=2695"},"modified":"2021-09-11T09:22:15","modified_gmt":"2021-09-11T07:22:15","slug":"staendchen-marathon-zu-runden-geburtstagen","status":"publish","type":"post","link":"https:\/\/wp.blasmusik-gebenbach.de\/?p=2695","title":{"rendered":"St\u00e4ndchen-Marathon zu runden Geburtstagen"},"content":{"rendered":"\n<p><strong>Blasmusik Gebenbach gratuliert Mitgliedern bei z\u00fcnftigen Fr\u00fchschoppen.<\/strong><\/p>\n\n\n\n<p>Eigentlich gratuliert die Blasmusik Gebenbach ihren aktiven und passiven Mitgliedern zu runden Geburtstagen mit einem St\u00e4ndchen vor der Haust\u00fcr. Seit der Corona-Pandemie war dies jedoch nicht mehr m\u00f6glich. Vergessen wurden diese St\u00e4ndchen und damit der Dank und die Wertsch\u00e4tzung an die Mitglieder jedoch nicht. Sie wurden nun kurzerhand in einem St\u00e4ndchen-Marathon nachgeholt. Dazu hatte die Vorstandschaft die Jubilare mit Partnern in die Scheune des Anwesens Ringer in Kainsricht zu einem z\u00fcnftigen Wei\u00dfwurstfr\u00fchschoppen eingeladen. Der Einladung zu diesem St\u00e4ndchen-Marathon waren die Mitglieder Maria Birner, Andrea Dotzler, Josef Flierl, Christine Kredler, Susanne Lindner, Maria L\u00f6sch-Ringer, Wolfgang Obermeier, Bernhard R\u00f6sch, Josef Rumpler, Renate Scherer-Mende und Gisela Stubenvoll gefolgt. Auch B\u00fcrgermeister Peter Dotzler war als Gast und Ehemann einer Jubilarin gerne willkommen. Dabei wurde f\u00fcr sie jeweils ihr eigenes St\u00e4ndchen von den Musikern aufgespielt. Nat\u00fcrlich durfte auch, wie es so \u00fcblich ist, wer wollte einen Marsch dirigieren. Abgerundet wurde der sch\u00f6ne Vormittag durch weitere Musikst\u00fccke die unter der Stabf\u00fchrung von Chefdirigent Gerhard B\u00f6ller gespielt wurden.<\/p>\n\n\n\n<p>Sowohl die Jubilare, als auch die Musiker zeigten sich beeindruckt von der wundersch\u00f6nen Geste des Vereins, der die Treue seiner Mitglieder zu sch\u00e4tzen wei\u00df. So mancher der geladenen G\u00e4ste \u00fcberreichte zum Dank auch einen Umschlag an Vorsitzenden Simon L\u00f6sch. Dieser meinte, dass es eine Ehre und Selbstverst\u00e4ndlichkeit sei, die St\u00e4ndchen f\u00fcr die Mitglieder zu spielen und der Verein dieser Aufgabe gerne nachkomme. Er bedankte sich auch ausdr\u00fccklich bei der Gemeinde und B\u00fcrgermeister Dotzler, die alles m\u00f6glich machten, damit die Blasmusik derzeit in der Schulturnhalle proben k\u00f6nne, was f\u00fcr alle Beteiligten durch die Einhaltung der Hygienevorschriften eine gro\u00dfe Herausforderung sei. W\u00fcrde jedoch diese M\u00f6glichkeit fehlen, h\u00e4tte dieser Auftritt gar nicht stattfinden k\u00f6nnen. Mit vielen interessanten Gespr\u00e4chen und Anekdoten klang der Vormittag aus.<\/p>\n","protected":false},"excerpt":{"rendered":"<p>Blasmusik Gebenbach gratuliert Mitgliedern bei z\u00fcnftigen Fr\u00fchschoppen. Eigentlich gratuliert die Blasmusik Gebenbach ihren aktiven und passiven Mitgliedern zu runden Geburtstagen mit einem St\u00e4ndchen vor der&hellip;<\/p>\n","protected":false},"author":1,"featured_media":2694,"comment_status":"closed","ping_status":"closed","sticky":false,"template":"","format":"standard","meta":{"qubely_global_settings":"","qubely_interactions":"","inline_featured_image":false,"_uag_custom_page_level_css":"","footnotes":""},"categories":[1],"tags":[],"class_list":["post-2695","post","type-post","status-publish","format-standard","has-post-thumbnail","hentry","category-allgemein"],"qubely_featured_image_url":{"full":["https:\/\/wp.blasmusik-gebenbach.de\/wp-content\/uploads\/5CNVOFlv-scaled.jpeg",2560,1474,false],"landscape":["https:\/\/wp.blasmusik-gebenbach.de\/wp-content\/uploads\/5CNVOFlv-1200x750.jpeg",1200,750,true],"portraits":["https:\/\/wp.blasmusik-gebenbach.de\/wp-content\/uploads\/5CNVOFlv-540x320.jpeg",540,320,true],"thumbnail":["https:\/\/wp.blasmusik-gebenbach.de\/wp-content\/uploads\/5CNVOFlv-150x150.jpeg",150,150,true],"medium":["https:\/\/wp.blasmusik-gebenbach.de\/wp-content\/uploads\/5CNVOFlv-300x173.jpeg",300,173,true],"medium_large":["https:\/\/wp.blasmusik-gebenbach.de\/wp-content\/uploads\/5CNVOFlv-768x442.jpeg",768,442,true],"large":["https:\/\/wp.blasmusik-gebenbach.de\/wp-content\/uploads\/5CNVOFlv-1024x590.jpeg",843,486,true],"1536x1536":["https:\/\/wp.blasmusik-gebenbach.de\/wp-content\/uploads\/5CNVOFlv-1536x884.jpeg",1536,884,true],"2048x2048":["https:\/\/wp.blasmusik-gebenbach.de\/wp-content\/uploads\/5CNVOFlv-2048x1179.jpeg",2048,1179,true],"qubely_landscape":["https:\/\/wp.blasmusik-gebenbach.de\/wp-content\/uploads\/5CNVOFlv-1200x750.jpeg",1200,750,true],"qubely_portrait":["https:\/\/wp.blasmusik-gebenbach.de\/wp-content\/uploads\/5CNVOFlv-540x320.jpeg",540,320,true],"qubely_thumbnail":["https:\/\/wp.blasmusik-gebenbach.de\/wp-content\/uploads\/5CNVOFlv-140x100.jpeg",140,100,true]},"qubely_author":{"display_name":"wp_admin","author_link":"https:\/\/wp.blasmusik-gebenbach.de\/?author=1"},"qubely_comment":0,"qubely_category":"<a href=\"https:\/\/wp.blasmusik-gebenbach.de\/?cat=1\" rel=\"category\">Allgemein<\/a>","qubely_excerpt":"Blasmusik Gebenbach gratuliert Mitgliedern bei z\u00fcnftigen Fr\u00fchschoppen. Eigentlich gratuliert die Blasmusik Gebenbach ihren aktiven und passiven Mitgliedern zu runden Geburtstagen mit einem St\u00e4ndchen vor der&hellip;","uagb_featured_image_src":{"full":["https:\/\/wp.blasmusik-gebenbach.de\/wp-content\/uploads\/5CNVOFlv-scaled.jpeg",2560,1474,false],"thumbnail":["https:\/\/wp.blasmusik-gebenbach.de\/wp-content\/uploads\/5CNVOFlv-150x150.jpeg",150,150,true],"medium":["https:\/\/wp.blasmusik-gebenbach.de\/wp-content\/uploads\/5CNVOFlv-300x173.jpeg",300,173,true],"medium_large":["https:\/\/wp.blasmusik-gebenbach.de\/wp-content\/uploads\/5CNVOFlv-768x442.jpeg",768,442,true],"large":["https:\/\/wp.blasmusik-gebenbach.de\/wp-content\/uploads\/5CNVOFlv-1024x590.jpeg",843,486,true],"1536x1536":["https:\/\/wp.blasmusik-gebenbach.de\/wp-content\/uploads\/5CNVOFlv-1536x884.jpeg",1536,884,true],"2048x2048":["https:\/\/wp.blasmusik-gebenbach.de\/wp-content\/uploads\/5CNVOFlv-2048x1179.jpeg",2048,1179,true],"qubely_landscape":["https:\/\/wp.blasmusik-gebenbach.de\/wp-content\/uploads\/5CNVOFlv-1200x750.jpeg",1200,750,true],"qubely_portrait":["https:\/\/wp.blasmusik-gebenbach.de\/wp-content\/uploads\/5CNVOFlv-540x320.jpeg",540,320,true],"qubely_thumbnail":["https:\/\/wp.blasmusik-gebenbach.de\/wp-content\/uploads\/5CNVOFlv-140x100.jpeg",140,100,true]},"uagb_author_info":{"display_name":"wp_admin","author_link":"https:\/\/wp.blasmusik-gebenbach.de\/?author=1"},"uagb_comment_info":0,"uagb_excerpt":"Blasmusik Gebenbach gratuliert Mitgliedern bei z\u00fcnftigen Fr\u00fchschoppen. Eigentlich gratuliert die Blasmusik Gebenbach ihren aktiven und passiven Mitgliedern zu runden Geburtstagen mit einem St\u00e4ndchen vor der&hellip;","_links":{"self":[{"href":"https:\/\/wp.blasmusik-gebenbach.de\/index.php?rest_route=\/wp\/v2\/posts\/2695","targetHints":{"allow":["GET"]}}],"collection":[{"href":"https:\/\/wp.blasmusik-gebenbach.de\/index.php?rest_route=\/wp\/v2\/posts"}],"about":[{"href":"https:\/\/wp.blasmusik-gebenbach.de\/index.php?rest_route=\/wp\/v2\/types\/post"}],"author":[{"embeddable":true,"href":"https:\/\/wp.blasmusik-gebenbach.de\/index.php?rest_route=\/wp\/v2\/users\/1"}],"replies":[{"embeddable":true,"href":"https:\/\/wp.blasmusik-gebenbach.de\/index.php?rest_route=%2Fwp%2Fv2%2Fcomments&post=2695"}],"version-history":[{"count":0,"href":"https:\/\/wp.blasmusik-gebenbach.de\/index.php?rest_route=\/wp\/v2\/posts\/2695\/revisions"}],"wp:featuredmedia":[{"embeddable":true,"href":"https:\/\/wp.blasmusik-gebenbach.de\/index.php?rest_route=\/wp\/v2\/media\/2694"}],"wp:attachment":[{"href":"https:\/\/wp.blasmusik-gebenbach.de\/index.php?rest_route=%2Fwp%2Fv2%2Fmedia&parent=2695"}],"wp:term":[{"taxonomy":"category","embeddable":true,"href":"https:\/\/wp.blasmusik-gebenbach.de\/index.php?rest_route=%2Fwp%2Fv2%2Fcategories&post=2695"},{"taxonomy":"post_tag","embeddable":true,"href":"https:\/\/wp.blasmusik-gebenbach.de\/index.php?rest_route=%2Fwp%2Fv2%2Ftags&post=2695"}],"curies":[{"name":"wp","href":"https:\/\/api.w.org\/{rel}","templated":true}]}}