{"id":2814,"date":"2022-05-16T19:22:09","date_gmt":"2022-05-16T17:22:09","guid":{"rendered":"https:\/\/wp.blasmusik-gebenbach.de\/?p=2814"},"modified":"2022-05-16T19:22:10","modified_gmt":"2022-05-16T17:22:10","slug":"ue16-ausflug-zur-sunnalm-im-zillertal","status":"publish","type":"post","link":"https:\/\/wp.blasmusik-gebenbach.de\/?p=2814","title":{"rendered":"\u00dc16-Ausflug zur Sunnalm im Zillertal"},"content":{"rendered":"\n<p>Da das letzte \u00dc16-Zeltlager bereits 3 Jahre zur\u00fcckliegt, m\u00f6chten wir dieses Jahr wieder einen Ausflug f\u00fcr alle ab 16 Jahre anbieten.<\/p>\n\n\n\n<p>2022 geht es f\u00fcr ein Wochenende nach Mayrhofen im Zillertal. Geplant ist eine Wanderung mit Einkehr auf <a href=\"https:\/\/www.schiestls-sunnalm.at\/\" data-type=\"URL\" data-id=\"https:\/\/www.schiestls-sunnalm.at\/\">Schiestl`s Sunnalm<\/a>. Dort besuchen wir Angelika, unsere Dirigentin des Nachwuchsorchesters, die hier \u00fcber den Sommer arbeitet.<\/p>\n\n\n\n<p>Weitere Informationen und ein Formular f\u00fcr die <a href=\"https:\/\/wp.blasmusik-gebenbach.de\/wp-content\/uploads\/Wanderung-zur-Schiestl-Programm.pdf\" target=\"_blank\" rel=\"noreferrer noopener\">Anmeldung<\/a> findet ihr <a href=\"https:\/\/wp.blasmusik-gebenbach.de\/wp-content\/uploads\/Wanderung-zur-Schiestl-Programm.pdf\" data-type=\"URL\" data-id=\"https:\/\/wp.blasmusik-gebenbach.de\/wp-content\/uploads\/Wanderung-zur-Schiestl-Programm.pdf\" target=\"_blank\" rel=\"noreferrer noopener\">hier<\/a>.<\/p>\n\n\n\n<p>Um baldige Anmeldung bei Johannes Gottschalk wird gebeten, da die \u00dcbernachtungszimmer begrenzt sind.<\/p>\n","protected":false},"excerpt":{"rendered":"<p>Da das letzte \u00dc16-Zeltlager bereits 3 Jahre zur\u00fcckliegt, m\u00f6chten wir dieses Jahr wieder einen Ausflug f\u00fcr alle ab 16 Jahre anbieten. 2022 geht es f\u00fcr&hellip;<\/p>\n","protected":false},"author":1,"featured_media":2816,"comment_status":"closed","ping_status":"closed","sticky":false,"template":"","format":"standard","meta":{"qubely_global_settings":"","qubely_interactions":"","inline_featured_image":false,"_uag_custom_page_level_css":"","footnotes":""},"categories":[1],"tags":[],"class_list":["post-2814","post","type-post","status-publish","format-standard","has-post-thumbnail","hentry","category-allgemein"],"qubely_featured_image_url":{"full":["https:\/\/wp.blasmusik-gebenbach.de\/wp-content\/uploads\/Sunnalm.jpg",960,960,false],"landscape":["https:\/\/wp.blasmusik-gebenbach.de\/wp-content\/uploads\/Sunnalm-960x750.jpg",960,750,true],"portraits":["https:\/\/wp.blasmusik-gebenbach.de\/wp-content\/uploads\/Sunnalm-540x320.jpg",540,320,true],"thumbnail":["https:\/\/wp.blasmusik-gebenbach.de\/wp-content\/uploads\/Sunnalm-150x150.jpg",150,150,true],"medium":["https:\/\/wp.blasmusik-gebenbach.de\/wp-content\/uploads\/Sunnalm-300x300.jpg",300,300,true],"medium_large":["https:\/\/wp.blasmusik-gebenbach.de\/wp-content\/uploads\/Sunnalm-768x768.jpg",768,768,true],"large":["https:\/\/wp.blasmusik-gebenbach.de\/wp-content\/uploads\/Sunnalm.jpg",843,843,false],"1536x1536":["https:\/\/wp.blasmusik-gebenbach.de\/wp-content\/uploads\/Sunnalm.jpg",960,960,false],"2048x2048":["https:\/\/wp.blasmusik-gebenbach.de\/wp-content\/uploads\/Sunnalm.jpg",960,960,false],"qubely_landscape":["https:\/\/wp.blasmusik-gebenbach.de\/wp-content\/uploads\/Sunnalm-960x750.jpg",960,750,true],"qubely_portrait":["https:\/\/wp.blasmusik-gebenbach.de\/wp-content\/uploads\/Sunnalm-540x320.jpg",540,320,true],"qubely_thumbnail":["https:\/\/wp.blasmusik-gebenbach.de\/wp-content\/uploads\/Sunnalm-140x100.jpg",140,100,true]},"qubely_author":{"display_name":"wp_admin","author_link":"https:\/\/wp.blasmusik-gebenbach.de\/?author=1"},"qubely_comment":0,"qubely_category":"<a href=\"https:\/\/wp.blasmusik-gebenbach.de\/?cat=1\" rel=\"category\">Allgemein<\/a>","qubely_excerpt":"Da das letzte \u00dc16-Zeltlager bereits 3 Jahre zur\u00fcckliegt, m\u00f6chten wir dieses Jahr wieder einen Ausflug f\u00fcr alle ab 16 Jahre anbieten. 2022 geht es f\u00fcr&hellip;","uagb_featured_image_src":{"full":["https:\/\/wp.blasmusik-gebenbach.de\/wp-content\/uploads\/Sunnalm.jpg",960,960,false],"thumbnail":["https:\/\/wp.blasmusik-gebenbach.de\/wp-content\/uploads\/Sunnalm-150x150.jpg",150,150,true],"medium":["https:\/\/wp.blasmusik-gebenbach.de\/wp-content\/uploads\/Sunnalm-300x300.jpg",300,300,true],"medium_large":["https:\/\/wp.blasmusik-gebenbach.de\/wp-content\/uploads\/Sunnalm-768x768.jpg",768,768,true],"large":["https:\/\/wp.blasmusik-gebenbach.de\/wp-content\/uploads\/Sunnalm.jpg",843,843,false],"1536x1536":["https:\/\/wp.blasmusik-gebenbach.de\/wp-content\/uploads\/Sunnalm.jpg",960,960,false],"2048x2048":["https:\/\/wp.blasmusik-gebenbach.de\/wp-content\/uploads\/Sunnalm.jpg",960,960,false],"qubely_landscape":["https:\/\/wp.blasmusik-gebenbach.de\/wp-content\/uploads\/Sunnalm-960x750.jpg",960,750,true],"qubely_portrait":["https:\/\/wp.blasmusik-gebenbach.de\/wp-content\/uploads\/Sunnalm-540x320.jpg",540,320,true],"qubely_thumbnail":["https:\/\/wp.blasmusik-gebenbach.de\/wp-content\/uploads\/Sunnalm-140x100.jpg",140,100,true]},"uagb_author_info":{"display_name":"wp_admin","author_link":"https:\/\/wp.blasmusik-gebenbach.de\/?author=1"},"uagb_comment_info":0,"uagb_excerpt":"Da das letzte \u00dc16-Zeltlager bereits 3 Jahre zur\u00fcckliegt, m\u00f6chten wir dieses Jahr wieder einen Ausflug f\u00fcr alle ab 16 Jahre anbieten. 2022 geht es f\u00fcr&hellip;","_links":{"self":[{"href":"https:\/\/wp.blasmusik-gebenbach.de\/index.php?rest_route=\/wp\/v2\/posts\/2814","targetHints":{"allow":["GET"]}}],"collection":[{"href":"https:\/\/wp.blasmusik-gebenbach.de\/index.php?rest_route=\/wp\/v2\/posts"}],"about":[{"href":"https:\/\/wp.blasmusik-gebenbach.de\/index.php?rest_route=\/wp\/v2\/types\/post"}],"author":[{"embeddable":true,"href":"https:\/\/wp.blasmusik-gebenbach.de\/index.php?rest_route=\/wp\/v2\/users\/1"}],"replies":[{"embeddable":true,"href":"https:\/\/wp.blasmusik-gebenbach.de\/index.php?rest_route=%2Fwp%2Fv2%2Fcomments&post=2814"}],"version-history":[{"count":2,"href":"https:\/\/wp.blasmusik-gebenbach.de\/index.php?rest_route=\/wp\/v2\/posts\/2814\/revisions"}],"predecessor-version":[{"id":2818,"href":"https:\/\/wp.blasmusik-gebenbach.de\/index.php?rest_route=\/wp\/v2\/posts\/2814\/revisions\/2818"}],"wp:featuredmedia":[{"embeddable":true,"href":"https:\/\/wp.blasmusik-gebenbach.de\/index.php?rest_route=\/wp\/v2\/media\/2816"}],"wp:attachment":[{"href":"https:\/\/wp.blasmusik-gebenbach.de\/index.php?rest_route=%2Fwp%2Fv2%2Fmedia&parent=2814"}],"wp:term":[{"taxonomy":"category","embeddable":true,"href":"https:\/\/wp.blasmusik-gebenbach.de\/index.php?rest_route=%2Fwp%2Fv2%2Fcategories&post=2814"},{"taxonomy":"post_tag","embeddable":true,"href":"https:\/\/wp.blasmusik-gebenbach.de\/index.php?rest_route=%2Fwp%2Fv2%2Ftags&post=2814"}],"curies":[{"name":"wp","href":"https:\/\/api.w.org\/{rel}","templated":true}]}}