{"id":2997,"date":"2022-09-25T09:06:11","date_gmt":"2022-09-25T07:06:11","guid":{"rendered":"https:\/\/wp.blasmusik-gebenbach.de\/?p=2997"},"modified":"2022-09-25T09:14:22","modified_gmt":"2022-09-25T07:14:22","slug":"mit-dem-landkreis-amberg-sulzbach-nach-maintenon-frankreich","status":"publish","type":"post","link":"https:\/\/wp.blasmusik-gebenbach.de\/?p=2997","title":{"rendered":"Mit dem Landkreis Amberg-Sulzbach nach Maintenon\/Frankreich"},"content":{"rendered":"\n<h4 class=\"wp-block-heading\">Gebenbach\/Maintenon\/Epernon. \u201eMusik verbindet\u201c \u2013 das konnten 21 Musiker der Blasmusik Gebenbach f\u00fcnf Tage hautnah miterleben: Von der Orchesterreise nach Maintenon\/Epernon nahmen sie unvergessliche Erinnerungen mit nach Hause.<\/h4>\n\n\n\n<p>Auf Einladung des Landkreises und Vermittlung durch B\u00fcrgermeister und Kreisrat Peter Dotzler begleitete das Blasorchester die Delegation des Landkreises, die zur Erneuerung der Partnerschaft mit den Kanton Epernon angereist war.<\/p>\n\n\n\n<p>Die Musiker waren dort bei Gastfamilien untergebracht, die sich ihrerseits aus Musikern des Orchestre d\u2018Harmonie d\u2019Epernon rekrutierten. So konnte bei den Abenden mit den \u201eGasteltern\u201c unter Gleichgesinnten auch gefachsimpelt werden.<\/p>\n\n\n\n<p>Das Programm der Gebenbacher Musiker war eng getaktet: Gleich am ersten Tag stand die letzte Stellprobe auf dem Programm. Am Abend galt es, die Zeremonie zur Erneuerung der Partnerschaftmusikalisch zu belgeiten.<\/p>\n\n\n\n<figure class=\"wp-block-image size-large\"><img loading=\"lazy\" decoding=\"async\" width=\"1024\" height=\"768\" src=\"https:\/\/wp.blasmusik-gebenbach.de\/wp-content\/uploads\/09_Festakt-Warten-auf-den-Auftritt-03092022-1024x768.jpg\" alt=\"\" class=\"wp-image-2998\" srcset=\"https:\/\/wp.blasmusik-gebenbach.de\/wp-content\/uploads\/09_Festakt-Warten-auf-den-Auftritt-03092022-1024x768.jpg 1024w, https:\/\/wp.blasmusik-gebenbach.de\/wp-content\/uploads\/09_Festakt-Warten-auf-den-Auftritt-03092022-300x225.jpg 300w, https:\/\/wp.blasmusik-gebenbach.de\/wp-content\/uploads\/09_Festakt-Warten-auf-den-Auftritt-03092022-768x576.jpg 768w, https:\/\/wp.blasmusik-gebenbach.de\/wp-content\/uploads\/09_Festakt-Warten-auf-den-Auftritt-03092022-1536x1152.jpg 1536w, https:\/\/wp.blasmusik-gebenbach.de\/wp-content\/uploads\/09_Festakt-Warten-auf-den-Auftritt-03092022.jpg 1920w\" sizes=\"auto, (max-width: 1024px) 100vw, 1024px\" \/><\/figure>\n\n\n\n<p>Am Sonntag stand ein deutsch-franz\u00f6sischer Gottesdienst auf dem Programm, ebenfalls umrahmt von den Bl\u00e4sern aus Gebenbach. Angelika Sch\u00f6pf aus Gebenbach begleitete einige St\u00fccke an der Kirchenorgel. Im Anschluss daran schloss sich ein Festzug durch die Stra\u00dfen von Epernon an, bei dem die Gebenbacher Musiker den zahlreichen Zuschauern und mitgereisten Lokalpolitikern ihr K\u00f6nnen ein weiteres Mal beweisen konnten.<\/p>\n\n\n\n<figure class=\"wp-block-embed aligncenter is-type-video is-provider-youtube wp-block-embed-youtube wp-embed-aspect-16-9 wp-has-aspect-ratio\"><div class=\"wp-block-embed__wrapper\">\n<iframe loading=\"lazy\" title=\"Umzug in Epernon mit Blasmusik Gebenbach\" width=\"843\" height=\"474\" src=\"https:\/\/www.youtube.com\/embed\/ceM9vL5fA-I?feature=oembed\" frameborder=\"0\" allow=\"accelerometer; autoplay; clipboard-write; encrypted-media; gyroscope; picture-in-picture\" allowfullscreen><\/iframe>\n<\/div><\/figure>\n\n\n\n<p><\/p>\n\n\n\n<p>Die Gebenbacher Musiker waren sichtlich begeistert von der Gastfreundschaft ihrer franz\u00f6sischen Musikfreunde. \u201eMagnus hat vier von uns Musikern nicht nur im Haus, sondern in seine Familie aufgenommen. Wir haben viel \u00fcber die Lebensweise in Frankreich erfahren\u201c, so Cornelia Siegert, Trompeterin bei der Blasmusik Gebenbach. Magnus (Westerberg) \u2013 Hornist bei der Harmonie d\u2019Epernon hatte auch alle Gastmusiker zu einem kleinen Gartenfest bei sich eingeladen, bei dem man sich ideal auf das abendliche Konzert in Pierres einstimmen konnte.<\/p>\n\n\n\n<figure class=\"wp-block-image size-large\"><img loading=\"lazy\" decoding=\"async\" width=\"1024\" height=\"768\" src=\"https:\/\/wp.blasmusik-gebenbach.de\/wp-content\/uploads\/25_Treffen-und-Gartenfest-bei-Gasteltern-04092022-1024x768.jpg\" alt=\"\" class=\"wp-image-3014\" srcset=\"https:\/\/wp.blasmusik-gebenbach.de\/wp-content\/uploads\/25_Treffen-und-Gartenfest-bei-Gasteltern-04092022-1024x768.jpg 1024w, https:\/\/wp.blasmusik-gebenbach.de\/wp-content\/uploads\/25_Treffen-und-Gartenfest-bei-Gasteltern-04092022-300x225.jpg 300w, https:\/\/wp.blasmusik-gebenbach.de\/wp-content\/uploads\/25_Treffen-und-Gartenfest-bei-Gasteltern-04092022-768x576.jpg 768w, https:\/\/wp.blasmusik-gebenbach.de\/wp-content\/uploads\/25_Treffen-und-Gartenfest-bei-Gasteltern-04092022-1536x1152.jpg 1536w, https:\/\/wp.blasmusik-gebenbach.de\/wp-content\/uploads\/25_Treffen-und-Gartenfest-bei-Gasteltern-04092022.jpg 1920w\" sizes=\"auto, (max-width: 1024px) 100vw, 1024px\" \/><\/figure>\n\n\n\n<p>Auf das Konzert \u2013 gleichzeitig der musikalische H\u00f6hepunkt der Reise \u2013 hatten sich die Musiker im August vorbereitet. Die erste Konzerth\u00e4lfte gestaltete das Orchestre d\u2019Harmonie d\u2019Epernon unter der Leitung von Joel Maury. Seine Ehefrau Sylvie Maury \u2013 Vizepr\u00e4sidentin des Orchesters \u2013 hie\u00df die G\u00e4ste aus Gebenbach und dem Landkreis Amberg-Sulzbach willkommen. Die franz\u00f6sischen Musiker hatten St\u00fccke wie \u201eVoyage to the egde\u201c oder \u201eHey Jude\u201c in ihrem Repertoire.<\/p>\n\n\n\n<p>Die Gebenbacher Musiker unter der Leitung von Gerhard B\u00f6ller gestalteten die zweite Konzerth\u00e4lfte und brachten unter anderem \u201eSummernight Rock\u201c, \u201eItalo pop classics\u201c, den anspruchsvollen Konzertmarsch \u201eArsenal\u201c aber auch traditionell bayerische Blasmusik wie die Polka \u201eWir Musikanten\u201c und \u201eJubil\u00e4umskl\u00e4nge\u201c zu Geh\u00f6r.<\/p>\n\n\n\n<figure class=\"wp-block-image size-large\"><img loading=\"lazy\" decoding=\"async\" width=\"1024\" height=\"683\" src=\"https:\/\/wp.blasmusik-gebenbach.de\/wp-content\/uploads\/33_Konzert-Blasmusik-Gebenbach-04092022-1024x683.jpg\" alt=\"\" class=\"wp-image-3022\" srcset=\"https:\/\/wp.blasmusik-gebenbach.de\/wp-content\/uploads\/33_Konzert-Blasmusik-Gebenbach-04092022-1024x683.jpg 1024w, https:\/\/wp.blasmusik-gebenbach.de\/wp-content\/uploads\/33_Konzert-Blasmusik-Gebenbach-04092022-300x200.jpg 300w, https:\/\/wp.blasmusik-gebenbach.de\/wp-content\/uploads\/33_Konzert-Blasmusik-Gebenbach-04092022-768x512.jpg 768w, https:\/\/wp.blasmusik-gebenbach.de\/wp-content\/uploads\/33_Konzert-Blasmusik-Gebenbach-04092022-1536x1024.jpg 1536w, https:\/\/wp.blasmusik-gebenbach.de\/wp-content\/uploads\/33_Konzert-Blasmusik-Gebenbach-04092022.jpg 1920w\" sizes=\"auto, (max-width: 1024px) 100vw, 1024px\" \/><\/figure>\n\n\n\n<p>Gro\u00df war die Freude, als Vorsitzender Simon L\u00f6sch im Namen aller Musiker das franz\u00f6sische Orchester nach Gebenbach einlud, um sich so f\u00fcr die Gastfreundschaft zu bedanken. Alle hoffen nun auf ein baldiges Wiedersehen in den n\u00e4chsten Jahren. H\u00f6hepunkt des Konzertabends waren die beiden Konzertst\u00fccke \u201eSir Duke\u201c und \u201eCan\u2019t take my eyes off you\u201c, die beide Orchester 900 km getrennt voneinander einstudiert hatten und auf der B\u00fchne erstmals gemeinsam auff\u00fchrten. Ein gegl\u00fccktes Experiment, wie die begeisterten Reaktionen aus dem Publikum zeigten.<\/p>\n\n\n\n<p>Nach getaner \u201eArbeit\u201c stand dann am letzten Tag des Aufenthalts ein Ausflug nach Paris auf dem Programm. Die Musiker nutzten die Freizeit zum Sightseeing, Shopping oder einfach zum Entspannen, bevor sie die Heimreise nach Gebenbach antraten.<\/p>\n\n\n\n<figure class=\"wp-block-image size-large\"><img loading=\"lazy\" decoding=\"async\" width=\"1024\" height=\"683\" src=\"https:\/\/wp.blasmusik-gebenbach.de\/wp-content\/uploads\/42_Konzert-Epernon-und-Gebenbach-04092022-1024x683.jpg\" alt=\"\" class=\"wp-image-3031\" srcset=\"https:\/\/wp.blasmusik-gebenbach.de\/wp-content\/uploads\/42_Konzert-Epernon-und-Gebenbach-04092022-1024x683.jpg 1024w, https:\/\/wp.blasmusik-gebenbach.de\/wp-content\/uploads\/42_Konzert-Epernon-und-Gebenbach-04092022-300x200.jpg 300w, https:\/\/wp.blasmusik-gebenbach.de\/wp-content\/uploads\/42_Konzert-Epernon-und-Gebenbach-04092022-768x512.jpg 768w, https:\/\/wp.blasmusik-gebenbach.de\/wp-content\/uploads\/42_Konzert-Epernon-und-Gebenbach-04092022-1536x1024.jpg 1536w, https:\/\/wp.blasmusik-gebenbach.de\/wp-content\/uploads\/42_Konzert-Epernon-und-Gebenbach-04092022.jpg 1920w\" sizes=\"auto, (max-width: 1024px) 100vw, 1024px\" \/><\/figure>\n","protected":false},"excerpt":{"rendered":"<p>Gebenbach\/Maintenon\/Epernon. \u201eMusik verbindet\u201c \u2013 das konnten 21 Musiker der Blasmusik Gebenbach f\u00fcnf Tage hautnah miterleben: Von der Orchesterreise nach Maintenon\/Epernon nahmen sie unvergessliche Erinnerungen mit&hellip;<\/p>\n","protected":false},"author":1,"featured_media":3007,"comment_status":"closed","ping_status":"closed","sticky":false,"template":"","format":"standard","meta":{"qubely_global_settings":"","qubely_interactions":"","inline_featured_image":false,"_uag_custom_page_level_css":"","footnotes":""},"categories":[1],"tags":[],"class_list":["post-2997","post","type-post","status-publish","format-standard","has-post-thumbnail","hentry","category-allgemein"],"qubely_featured_image_url":{"full":["https:\/\/wp.blasmusik-gebenbach.de\/wp-content\/uploads\/18_Kurzes-Standkonzert-nach-dem-Festzug-musikalisch-gestaltet-von-BMG-04092022.jpg",1920,1280,false],"landscape":["https:\/\/wp.blasmusik-gebenbach.de\/wp-content\/uploads\/18_Kurzes-Standkonzert-nach-dem-Festzug-musikalisch-gestaltet-von-BMG-04092022-1200x750.jpg",1200,750,true],"portraits":["https:\/\/wp.blasmusik-gebenbach.de\/wp-content\/uploads\/18_Kurzes-Standkonzert-nach-dem-Festzug-musikalisch-gestaltet-von-BMG-04092022-540x320.jpg",540,320,true],"thumbnail":["https:\/\/wp.blasmusik-gebenbach.de\/wp-content\/uploads\/18_Kurzes-Standkonzert-nach-dem-Festzug-musikalisch-gestaltet-von-BMG-04092022-150x150.jpg",150,150,true],"medium":["https:\/\/wp.blasmusik-gebenbach.de\/wp-content\/uploads\/18_Kurzes-Standkonzert-nach-dem-Festzug-musikalisch-gestaltet-von-BMG-04092022-300x200.jpg",300,200,true],"medium_large":["https:\/\/wp.blasmusik-gebenbach.de\/wp-content\/uploads\/18_Kurzes-Standkonzert-nach-dem-Festzug-musikalisch-gestaltet-von-BMG-04092022-768x512.jpg",768,512,true],"large":["https:\/\/wp.blasmusik-gebenbach.de\/wp-content\/uploads\/18_Kurzes-Standkonzert-nach-dem-Festzug-musikalisch-gestaltet-von-BMG-04092022-1024x683.jpg",843,562,true],"1536x1536":["https:\/\/wp.blasmusik-gebenbach.de\/wp-content\/uploads\/18_Kurzes-Standkonzert-nach-dem-Festzug-musikalisch-gestaltet-von-BMG-04092022-1536x1024.jpg",1536,1024,true],"2048x2048":["https:\/\/wp.blasmusik-gebenbach.de\/wp-content\/uploads\/18_Kurzes-Standkonzert-nach-dem-Festzug-musikalisch-gestaltet-von-BMG-04092022.jpg",1920,1280,false],"qubely_landscape":["https:\/\/wp.blasmusik-gebenbach.de\/wp-content\/uploads\/18_Kurzes-Standkonzert-nach-dem-Festzug-musikalisch-gestaltet-von-BMG-04092022-1200x750.jpg",1200,750,true],"qubely_portrait":["https:\/\/wp.blasmusik-gebenbach.de\/wp-content\/uploads\/18_Kurzes-Standkonzert-nach-dem-Festzug-musikalisch-gestaltet-von-BMG-04092022-540x320.jpg",540,320,true],"qubely_thumbnail":["https:\/\/wp.blasmusik-gebenbach.de\/wp-content\/uploads\/18_Kurzes-Standkonzert-nach-dem-Festzug-musikalisch-gestaltet-von-BMG-04092022-140x100.jpg",140,100,true]},"qubely_author":{"display_name":"wp_admin","author_link":"https:\/\/wp.blasmusik-gebenbach.de\/?author=1"},"qubely_comment":0,"qubely_category":"<a href=\"https:\/\/wp.blasmusik-gebenbach.de\/?cat=1\" rel=\"category\">Allgemein<\/a>","qubely_excerpt":"Gebenbach\/Maintenon\/Epernon. \u201eMusik verbindet\u201c \u2013 das konnten 21 Musiker der Blasmusik Gebenbach f\u00fcnf Tage hautnah miterleben: Von der Orchesterreise nach Maintenon\/Epernon nahmen sie unvergessliche Erinnerungen mit&hellip;","uagb_featured_image_src":{"full":["https:\/\/wp.blasmusik-gebenbach.de\/wp-content\/uploads\/18_Kurzes-Standkonzert-nach-dem-Festzug-musikalisch-gestaltet-von-BMG-04092022.jpg",1920,1280,false],"thumbnail":["https:\/\/wp.blasmusik-gebenbach.de\/wp-content\/uploads\/18_Kurzes-Standkonzert-nach-dem-Festzug-musikalisch-gestaltet-von-BMG-04092022-150x150.jpg",150,150,true],"medium":["https:\/\/wp.blasmusik-gebenbach.de\/wp-content\/uploads\/18_Kurzes-Standkonzert-nach-dem-Festzug-musikalisch-gestaltet-von-BMG-04092022-300x200.jpg",300,200,true],"medium_large":["https:\/\/wp.blasmusik-gebenbach.de\/wp-content\/uploads\/18_Kurzes-Standkonzert-nach-dem-Festzug-musikalisch-gestaltet-von-BMG-04092022-768x512.jpg",768,512,true],"large":["https:\/\/wp.blasmusik-gebenbach.de\/wp-content\/uploads\/18_Kurzes-Standkonzert-nach-dem-Festzug-musikalisch-gestaltet-von-BMG-04092022-1024x683.jpg",843,562,true],"1536x1536":["https:\/\/wp.blasmusik-gebenbach.de\/wp-content\/uploads\/18_Kurzes-Standkonzert-nach-dem-Festzug-musikalisch-gestaltet-von-BMG-04092022-1536x1024.jpg",1536,1024,true],"2048x2048":["https:\/\/wp.blasmusik-gebenbach.de\/wp-content\/uploads\/18_Kurzes-Standkonzert-nach-dem-Festzug-musikalisch-gestaltet-von-BMG-04092022.jpg",1920,1280,false],"qubely_landscape":["https:\/\/wp.blasmusik-gebenbach.de\/wp-content\/uploads\/18_Kurzes-Standkonzert-nach-dem-Festzug-musikalisch-gestaltet-von-BMG-04092022-1200x750.jpg",1200,750,true],"qubely_portrait":["https:\/\/wp.blasmusik-gebenbach.de\/wp-content\/uploads\/18_Kurzes-Standkonzert-nach-dem-Festzug-musikalisch-gestaltet-von-BMG-04092022-540x320.jpg",540,320,true],"qubely_thumbnail":["https:\/\/wp.blasmusik-gebenbach.de\/wp-content\/uploads\/18_Kurzes-Standkonzert-nach-dem-Festzug-musikalisch-gestaltet-von-BMG-04092022-140x100.jpg",140,100,true]},"uagb_author_info":{"display_name":"wp_admin","author_link":"https:\/\/wp.blasmusik-gebenbach.de\/?author=1"},"uagb_comment_info":0,"uagb_excerpt":"Gebenbach\/Maintenon\/Epernon. \u201eMusik verbindet\u201c \u2013 das konnten 21 Musiker der Blasmusik Gebenbach f\u00fcnf Tage hautnah miterleben: Von der Orchesterreise nach Maintenon\/Epernon nahmen sie unvergessliche Erinnerungen mit&hellip;","_links":{"self":[{"href":"https:\/\/wp.blasmusik-gebenbach.de\/index.php?rest_route=\/wp\/v2\/posts\/2997","targetHints":{"allow":["GET"]}}],"collection":[{"href":"https:\/\/wp.blasmusik-gebenbach.de\/index.php?rest_route=\/wp\/v2\/posts"}],"about":[{"href":"https:\/\/wp.blasmusik-gebenbach.de\/index.php?rest_route=\/wp\/v2\/types\/post"}],"author":[{"embeddable":true,"href":"https:\/\/wp.blasmusik-gebenbach.de\/index.php?rest_route=\/wp\/v2\/users\/1"}],"replies":[{"embeddable":true,"href":"https:\/\/wp.blasmusik-gebenbach.de\/index.php?rest_route=%2Fwp%2Fv2%2Fcomments&post=2997"}],"version-history":[{"count":3,"href":"https:\/\/wp.blasmusik-gebenbach.de\/index.php?rest_route=\/wp\/v2\/posts\/2997\/revisions"}],"predecessor-version":[{"id":3049,"href":"https:\/\/wp.blasmusik-gebenbach.de\/index.php?rest_route=\/wp\/v2\/posts\/2997\/revisions\/3049"}],"wp:featuredmedia":[{"embeddable":true,"href":"https:\/\/wp.blasmusik-gebenbach.de\/index.php?rest_route=\/wp\/v2\/media\/3007"}],"wp:attachment":[{"href":"https:\/\/wp.blasmusik-gebenbach.de\/index.php?rest_route=%2Fwp%2Fv2%2Fmedia&parent=2997"}],"wp:term":[{"taxonomy":"category","embeddable":true,"href":"https:\/\/wp.blasmusik-gebenbach.de\/index.php?rest_route=%2Fwp%2Fv2%2Fcategories&post=2997"},{"taxonomy":"post_tag","embeddable":true,"href":"https:\/\/wp.blasmusik-gebenbach.de\/index.php?rest_route=%2Fwp%2Fv2%2Ftags&post=2997"}],"curies":[{"name":"wp","href":"https:\/\/api.w.org\/{rel}","templated":true}]}}