{"id":3160,"date":"2023-01-05T20:13:00","date_gmt":"2023-01-05T19:13:00","guid":{"rendered":"https:\/\/wp.blasmusik-gebenbach.de\/?p=3160"},"modified":"2023-03-22T18:48:54","modified_gmt":"2023-03-22T17:48:54","slug":"mitgliederversammlung-2023","status":"publish","type":"post","link":"https:\/\/wp.blasmusik-gebenbach.de\/?p=3160","title":{"rendered":"Mitgliederversammlung 2023"},"content":{"rendered":"\n<p><strong>Simon L\u00f6sch gibt bei der Blasmusik Gebenbach weiterhin den Ton an. Die Mitglieder best\u00e4tigen den Vorstand mit \u00fcberw\u00e4ltigender Mehrheit im Amt.<\/strong><\/p>\n\n\n\n<p>Gebenbach. Bei der Mitgliederversammlung im Gasthaus Obermeier zeigte Vorsitzender Simon L\u00f6sch vor 41 aktiven und passiven Mitgliedern die Entwicklung des Vereins im vergangenen Jahr auf. Demnach hat der Verein eine relative konstante Mitgliederzahl von rund 300 Personen. Sorge bereitet L\u00f6sch dagegen der deutliche Einbruch bei den aktiven Mitgliedern auf erstmals unter 100 Personen. 2022 hatten die drei Ensembles der Blasmusik \u2013 Hauptorchester, Nachwuchsorchester und Herzensblecher \u2013 insgesamt 60 Auftritte und Arbeitseins\u00e4tze zu bew\u00e4ltigen. Hierf\u00fcr wurde in w\u00f6chentlichen Proben flei\u00dfig ge\u00fcbt, hinzu kamen zwei Probentage.<\/p>\n\n\n\n<p><strong>Besondere musikalische H\u00f6hepunkte<\/strong><\/p>\n\n\n\n<p>Als musikalisches Highlight des vergangenen Jahres bezeichnete L\u00f6sch das Gemeinschaftskonzert mit den Adelsdorfer Musikanten, einem Orchester aus der N\u00e4he von Erlangen. Unter dem Thema \u201eFilmmusik\u201c gestalteten die beiden Orchester unter der Leitung der Dirigenten Gerhard B\u00f6ller und J\u00fcrgen Schatz ein sehr vielseitiges und spannendes musikalisches Programm, das jeweils in den Heimatgemeinden Adelsdorf und Gebenbach pr\u00e4sentiert wurde. Eine besondere Ehre wurde der Blasmusik dann im September zuteil: Gemeinsam mit einer Landkreis-Delegation und den Gebenbacher Fahnenschwingern durfte das Orchester an der Frankreich-Fahrt anl\u00e4sslich des Partnerschaft-Jubil\u00e4ums mit dem einstigen Kanton Maintenon teilnehmen und \u00fcbernahm die musikalische Umrahmung. Des Weiteren stand mit dem Konzert des Polizeiorchesters Bayern in der Gebenbacher Pfarrkirche f\u00fcr alle Besucher ein lang ersehnter Termin auf dem Programm.<\/p>\n\n\n\n<p><strong>Augenmerk auf Ausbildung<\/strong><\/p>\n\n\n\n<p>Wichtigste Aufgabe des Vereins ist jedoch, Kinder und Jugendliche an den verschiedenen Instrumenten aus- und weiterzubilden. Zweiter Vorsitzender Siegfried Siegert berichtete \u00fcber die Ausbildung im Verein durch insgesamt 11 qualifizierte Ausbilder. Das zeige sich auch in den erfolgreich abgelegten Leistungspr\u00fcfungen der jungen Musiker wieder. Erfreulich sei auch, dass im Kindergarten derzeit wieder elf Kinder in der Musikalischen Fr\u00fcherziehung gef\u00f6rdert werden. Siegert animierte alle Mitglieder, die gute Ausbildungsarbeit bekannt zu machen, denn erfahrungsgem\u00e4\u00df gewinne man neue Nachwuchsspieler meist nur durch pers\u00f6nliche Kontakte und Empfehlungen von Bekannten. Zus\u00e4tzlich habe die Blasmusik die Attraktivit\u00e4t der Ausbildung durch verringerte Unterrichtskosten und die M\u00f6glichkeit des Instrumentalunterrichts zu Hause verbessert.<\/p>\n\n\n\n<p>Genauso wie Vorsitzender L\u00f6sch zeigte sich Dirigent Gerhard B\u00f6ller besorgt \u00fcber die abgenommene Probenanwesenheit sowie die zunehmende Unverbindlichkeit bzgl. Auftritten und Unternehmungen. Er motivierte die aktiven Musiker, sich nach der langen Corona-Pause wieder mehr zu engagieren und die Orchestergemeinschaft sowohl musikalisch als auch gemeinschaftlich zu st\u00e4rken.<\/p>\n\n\n\n<p>Dirigentin Angelika Sch\u00f6pf hat im September die Leitung des Nachwuchsorchesters von Sophie Trusheim wieder \u00fcbernommen. Die jungen Musiker haben bei zahlreichen Auftritten im vergangenen Jahr wie das Wei\u00dfwurstkonzert, das Hirschauer Adventst\u00fcrchen-\u00d6ffnen und die Kinderchristmette hervorragende Leistung gezeigt.<\/p>\n\n\n\n<p>Kassier Andreas Rumpler erl\u00e4uterte den Kassenbericht und hob dabei die Bedeutung von Zuwendungen, Spenden und Mitgliedsbeitr\u00e4gen hervor.<\/p>\n\n\n\n<p>Aktivensprecher Johannes Gottschalk gab einen R\u00fcckblick \u00fcber die zahlreichen au\u00dfermusikalischen Aktivit\u00e4ten. So war das Zeltlager f\u00fcr Kinder auf dem Mausberg wieder ein fester Bestandteil im Ferienprogramm. Im August stand ein gemeinsamer Wanderausflug nach Mayrhofen in \u00d6sterreich auf dem Programm. Auch der Kontakt zum Partnerorchester in Adelsdorf wurde weiter gepflegt: Die beiden Orchester unternahmen eine interessante F\u00fchrung durch die Staatstheater in N\u00fcrnberg mit anschlie\u00dfender Stadtrundgang.<\/p>\n\n\n\n<p><strong>Zahlreiche Termine<\/strong><\/p>\n\n\n\n<p>Der Terminkalender der Gebenbacher Blasmusik ist 2023 wieder gut gef\u00fcllt. Ein musikalischer H\u00f6hepunkt ist nach langer Corona-Pause wieder das traditionelle Fr\u00fchjahrskonzert am Samstag, 13. Mai. Die Proben hierf\u00fcr laufen bereits, zus\u00e4tzlich sind zwei Probentage geplant. Dar\u00fcber hinaus wirkt die Blasmusik an einigen Festz\u00fcgen sowie kirchlichen und weltlichen Feierlichkeiten mit. Die Teilnahme an den Amberger Malteserserenaden ist f\u00fcr Sonntag, 11. Juni vorgesehen. Au\u00dfermusikalisch ist ein Besuch der Luisenburgfestspiele sowie ein Blasmusik-Ausflug in Planung.<\/p>\n\n\n\n<div class=\"wp-block-uagb-info-box uagb-block-3d45706b uagb-infobox__content-wrap  uagb-infobox-icon-above-title uagb-infobox-image-valign-top\"><div class=\"uagb-ifb-content\"><div class=\"uagb-ifb-title-wrap\"><h3 class=\"uagb-ifb-title\">Unsere neugew\u00e4hlte Vorstandschaft<\/h3><\/div><p class=\"uagb-ifb-desc\">Vorsitzender: <strong>Simon L\u00f6sch<\/strong><br>Stellv. Vorsitzender: <strong>Johannes Gottschalk<\/strong><br>Kassier: <strong>Andreas Rumpler<\/strong><br>Schriftf\u00fchrerin: <strong>Anna Schreglmann<\/strong><br>Beisitzer: <strong>Johanna Giehrl, Florian Giehrl, Martin Dotzler, Lothar Neuberger<\/strong><br>Zeugwart: <strong>Markus Sch\u00f6pf<\/strong><br>Notenwart: <strong>Markus Schlotmann<\/strong><br>Aktivensprecher: <strong>Thomas Freimuth<\/strong><br>Dar\u00fcber hinaus geh\u00f6ren dem Vorstand auch Dirigent <strong>Gerhard B\u00f6ller<\/strong> und die Dirigentin des Nachwuchsorchesters <strong>Angelika Sch\u00f6pf<\/strong> an.<\/p><\/div><\/div>\n\n\n\n<div class=\"wp-block-uagb-image uagb-block-196378b8 wp-block-uagb-image--layout-default wp-block-uagb-image--effect-static wp-block-uagb-image--align-none\"><figure class=\"wp-block-uagb-image__figure\"><img decoding=\"async\" srcset=\"https:\/\/wp.blasmusik-gebenbach.de\/wp-content\/uploads\/Vorstandschaft-2023-1024x683.jpg \" src=\"https:\/\/wp.blasmusik-gebenbach.de\/wp-content\/uploads\/Vorstandschaft-2023-1024x683.jpg\" alt=\"Vorstandschaft 2023\" class=\"uag-image-3162\" width=\"843\" height=\"562\" title=\"\" loading=\"lazy\"\/><\/figure><\/div>\n","protected":false},"excerpt":{"rendered":"<p>Simon L\u00f6sch gibt bei der Blasmusik Gebenbach weiterhin den Ton an. Die Mitglieder best\u00e4tigen den Vorstand mit \u00fcberw\u00e4ltigender Mehrheit im Amt. Gebenbach. Bei der Mitgliederversammlung&hellip;<\/p>\n","protected":false},"author":1,"featured_media":3161,"comment_status":"closed","ping_status":"closed","sticky":false,"template":"","format":"standard","meta":{"qubely_global_settings":"","qubely_interactions":"","inline_featured_image":false,"_uag_custom_page_level_css":"","footnotes":""},"categories":[1],"tags":[],"class_list":["post-3160","post","type-post","status-publish","format-standard","has-post-thumbnail","hentry","category-allgemein"],"qubely_featured_image_url":{"full":["https:\/\/wp.blasmusik-gebenbach.de\/wp-content\/uploads\/Vorstandschaft-plus-ausgeschiedene-Mitglieder-2023.jpg",2378,1290,false],"landscape":["https:\/\/wp.blasmusik-gebenbach.de\/wp-content\/uploads\/Vorstandschaft-plus-ausgeschiedene-Mitglieder-2023-1200x750.jpg",1200,750,true],"portraits":["https:\/\/wp.blasmusik-gebenbach.de\/wp-content\/uploads\/Vorstandschaft-plus-ausgeschiedene-Mitglieder-2023-540x320.jpg",540,320,true],"thumbnail":["https:\/\/wp.blasmusik-gebenbach.de\/wp-content\/uploads\/Vorstandschaft-plus-ausgeschiedene-Mitglieder-2023-150x150.jpg",150,150,true],"medium":["https:\/\/wp.blasmusik-gebenbach.de\/wp-content\/uploads\/Vorstandschaft-plus-ausgeschiedene-Mitglieder-2023-300x163.jpg",300,163,true],"medium_large":["https:\/\/wp.blasmusik-gebenbach.de\/wp-content\/uploads\/Vorstandschaft-plus-ausgeschiedene-Mitglieder-2023-768x417.jpg",768,417,true],"large":["https:\/\/wp.blasmusik-gebenbach.de\/wp-content\/uploads\/Vorstandschaft-plus-ausgeschiedene-Mitglieder-2023-1024x555.jpg",843,457,true],"1536x1536":["https:\/\/wp.blasmusik-gebenbach.de\/wp-content\/uploads\/Vorstandschaft-plus-ausgeschiedene-Mitglieder-2023-1536x833.jpg",1536,833,true],"2048x2048":["https:\/\/wp.blasmusik-gebenbach.de\/wp-content\/uploads\/Vorstandschaft-plus-ausgeschiedene-Mitglieder-2023-2048x1111.jpg",2048,1111,true],"qubely_landscape":["https:\/\/wp.blasmusik-gebenbach.de\/wp-content\/uploads\/Vorstandschaft-plus-ausgeschiedene-Mitglieder-2023-1200x750.jpg",1200,750,true],"qubely_portrait":["https:\/\/wp.blasmusik-gebenbach.de\/wp-content\/uploads\/Vorstandschaft-plus-ausgeschiedene-Mitglieder-2023-540x320.jpg",540,320,true],"qubely_thumbnail":["https:\/\/wp.blasmusik-gebenbach.de\/wp-content\/uploads\/Vorstandschaft-plus-ausgeschiedene-Mitglieder-2023-140x100.jpg",140,100,true]},"qubely_author":{"display_name":"wp_admin","author_link":"https:\/\/wp.blasmusik-gebenbach.de\/?author=1"},"qubely_comment":0,"qubely_category":"<a href=\"https:\/\/wp.blasmusik-gebenbach.de\/?cat=1\" rel=\"category\">Allgemein<\/a>","qubely_excerpt":"Simon L\u00f6sch gibt bei der Blasmusik Gebenbach weiterhin den Ton an. Die Mitglieder best\u00e4tigen den Vorstand mit \u00fcberw\u00e4ltigender Mehrheit im Amt. Gebenbach. Bei der Mitgliederversammlung&hellip;","uagb_featured_image_src":{"full":["https:\/\/wp.blasmusik-gebenbach.de\/wp-content\/uploads\/Vorstandschaft-plus-ausgeschiedene-Mitglieder-2023.jpg",2378,1290,false],"thumbnail":["https:\/\/wp.blasmusik-gebenbach.de\/wp-content\/uploads\/Vorstandschaft-plus-ausgeschiedene-Mitglieder-2023-150x150.jpg",150,150,true],"medium":["https:\/\/wp.blasmusik-gebenbach.de\/wp-content\/uploads\/Vorstandschaft-plus-ausgeschiedene-Mitglieder-2023-300x163.jpg",300,163,true],"medium_large":["https:\/\/wp.blasmusik-gebenbach.de\/wp-content\/uploads\/Vorstandschaft-plus-ausgeschiedene-Mitglieder-2023-768x417.jpg",768,417,true],"large":["https:\/\/wp.blasmusik-gebenbach.de\/wp-content\/uploads\/Vorstandschaft-plus-ausgeschiedene-Mitglieder-2023-1024x555.jpg",843,457,true],"1536x1536":["https:\/\/wp.blasmusik-gebenbach.de\/wp-content\/uploads\/Vorstandschaft-plus-ausgeschiedene-Mitglieder-2023-1536x833.jpg",1536,833,true],"2048x2048":["https:\/\/wp.blasmusik-gebenbach.de\/wp-content\/uploads\/Vorstandschaft-plus-ausgeschiedene-Mitglieder-2023-2048x1111.jpg",2048,1111,true],"qubely_landscape":["https:\/\/wp.blasmusik-gebenbach.de\/wp-content\/uploads\/Vorstandschaft-plus-ausgeschiedene-Mitglieder-2023-1200x750.jpg",1200,750,true],"qubely_portrait":["https:\/\/wp.blasmusik-gebenbach.de\/wp-content\/uploads\/Vorstandschaft-plus-ausgeschiedene-Mitglieder-2023-540x320.jpg",540,320,true],"qubely_thumbnail":["https:\/\/wp.blasmusik-gebenbach.de\/wp-content\/uploads\/Vorstandschaft-plus-ausgeschiedene-Mitglieder-2023-140x100.jpg",140,100,true]},"uagb_author_info":{"display_name":"wp_admin","author_link":"https:\/\/wp.blasmusik-gebenbach.de\/?author=1"},"uagb_comment_info":0,"uagb_excerpt":"Simon L\u00f6sch gibt bei der Blasmusik Gebenbach weiterhin den Ton an. Die Mitglieder best\u00e4tigen den Vorstand mit \u00fcberw\u00e4ltigender Mehrheit im Amt. Gebenbach. Bei der Mitgliederversammlung&hellip;","_links":{"self":[{"href":"https:\/\/wp.blasmusik-gebenbach.de\/index.php?rest_route=\/wp\/v2\/posts\/3160","targetHints":{"allow":["GET"]}}],"collection":[{"href":"https:\/\/wp.blasmusik-gebenbach.de\/index.php?rest_route=\/wp\/v2\/posts"}],"about":[{"href":"https:\/\/wp.blasmusik-gebenbach.de\/index.php?rest_route=\/wp\/v2\/types\/post"}],"author":[{"embeddable":true,"href":"https:\/\/wp.blasmusik-gebenbach.de\/index.php?rest_route=\/wp\/v2\/users\/1"}],"replies":[{"embeddable":true,"href":"https:\/\/wp.blasmusik-gebenbach.de\/index.php?rest_route=%2Fwp%2Fv2%2Fcomments&post=3160"}],"version-history":[{"count":2,"href":"https:\/\/wp.blasmusik-gebenbach.de\/index.php?rest_route=\/wp\/v2\/posts\/3160\/revisions"}],"predecessor-version":[{"id":3201,"href":"https:\/\/wp.blasmusik-gebenbach.de\/index.php?rest_route=\/wp\/v2\/posts\/3160\/revisions\/3201"}],"wp:featuredmedia":[{"embeddable":true,"href":"https:\/\/wp.blasmusik-gebenbach.de\/index.php?rest_route=\/wp\/v2\/media\/3161"}],"wp:attachment":[{"href":"https:\/\/wp.blasmusik-gebenbach.de\/index.php?rest_route=%2Fwp%2Fv2%2Fmedia&parent=3160"}],"wp:term":[{"taxonomy":"category","embeddable":true,"href":"https:\/\/wp.blasmusik-gebenbach.de\/index.php?rest_route=%2Fwp%2Fv2%2Fcategories&post=3160"},{"taxonomy":"post_tag","embeddable":true,"href":"https:\/\/wp.blasmusik-gebenbach.de\/index.php?rest_route=%2Fwp%2Fv2%2Ftags&post=3160"}],"curies":[{"name":"wp","href":"https:\/\/api.w.org\/{rel}","templated":true}]}}