{"id":3380,"date":"2023-04-27T18:47:13","date_gmt":"2023-04-27T16:47:13","guid":{"rendered":"https:\/\/wp.blasmusik-gebenbach.de\/?p=3380"},"modified":"2023-04-27T18:48:06","modified_gmt":"2023-04-27T16:48:06","slug":"gebenbacher-blasmusik-spielt-sich-fuer-das-fruehjahrskonzert-warm","status":"publish","type":"post","link":"https:\/\/wp.blasmusik-gebenbach.de\/?p=3380","title":{"rendered":"Gebenbacher Blasmusik spielt sich f\u00fcr das Fr\u00fchjahrskonzert warm"},"content":{"rendered":"\n<p>H\u00f6chste Konzentration war beim zweiten Probentag der Blasmusik Gebenbach gefragt. Zur <strong>Vorbereitung auf das traditionelle Fr\u00fchjahrskonzert<\/strong> versammelten sich die Musiker des Hauptorchesters, um die Konzertst\u00fccke weiter zu vertiefen. Zusammen mit den externen Dozenten Stefan Neger (Fl\u00f6te\/Klarinette), Johannes Pilarski (Trompete), Andreas Wenzel (Tiefblech) und Philipp Senft (Schlagwerk) arbeiteten die Musiker in Registerproben die Feinheiten der Konzertst\u00fccke pr\u00e4zise heraus. In einer abschlie\u00dfenden Gesamtprobe wurden die einzelnen Instrumentalgruppen dann wieder zu einem ausdrucksstarken Klangbild zusammengesetzt.<\/p>\n\n\n<div class=\"wp-block-image\">\n<figure class=\"aligncenter size-large\"><img loading=\"lazy\" decoding=\"async\" width=\"1024\" height=\"768\" src=\"https:\/\/wp.blasmusik-gebenbach.de\/wp-content\/uploads\/2023-2.-Probentag-5-1024x768.jpg\" alt=\"\" class=\"wp-image-3379\" srcset=\"https:\/\/wp.blasmusik-gebenbach.de\/wp-content\/uploads\/2023-2.-Probentag-5-1024x768.jpg 1024w, https:\/\/wp.blasmusik-gebenbach.de\/wp-content\/uploads\/2023-2.-Probentag-5-300x225.jpg 300w, https:\/\/wp.blasmusik-gebenbach.de\/wp-content\/uploads\/2023-2.-Probentag-5-768x576.jpg 768w, https:\/\/wp.blasmusik-gebenbach.de\/wp-content\/uploads\/2023-2.-Probentag-5-1536x1152.jpg 1536w, https:\/\/wp.blasmusik-gebenbach.de\/wp-content\/uploads\/2023-2.-Probentag-5.jpg 1920w\" sizes=\"auto, (max-width: 1024px) 100vw, 1024px\" \/><\/figure>\n<\/div>\n\n\n<p>Die Vorfreude steigt: <strong>Am 13. Mai ab 20 Uhr <\/strong>hei\u00dft die Blasmusik Gebenbach alle Liebhaber der modernen und traditionellen Blasmusik sehr herzlich zum allj\u00e4hrlichen Fr\u00fchjahrskonzert willkommen. In der Gebenbacher Turnhalle pr\u00e4sentiert das Hauptorchester unter der Leitung von Dirigent Gerhard B\u00f6ller schwungvolle Melodien aus dem Medley \u201eFrank Sinatra Classics\u201c. Weitere musikalische Highlights wie \u201eOn the Wings of Pegasus\u201c, \u201eBackdraft\u201c des ber\u00fchmten Komponisten Hans Zimmer sowie die abenteuerliche Reise des Piratenschiffs \u201eThe Rise of the Blackjack\u201c machen das Konzertprogramm perfekt. Freunde der bayerischen Blasmusik werden bei Marsch und Polka selbstverst\u00e4ndlich auf ihre Kosten kommen.<\/p>\n\n\n\n<p>Mit Spannung werden auch wieder die frischen Kl\u00e4nge des Nachwuchsorchesters unter der Leitung von Angelika Sch\u00f6pf erwartet. Karten zum Preis von 7 \u20ac gibt es nur an der Abendkasse.<\/p>\n","protected":false},"excerpt":{"rendered":"<p>H\u00f6chste Konzentration war beim zweiten Probentag der Blasmusik Gebenbach gefragt. Zur Vorbereitung auf das traditionelle Fr\u00fchjahrskonzert versammelten sich die Musiker des Hauptorchesters, um die Konzertst\u00fccke&hellip;<\/p>\n","protected":false},"author":1,"featured_media":3377,"comment_status":"closed","ping_status":"closed","sticky":false,"template":"","format":"standard","meta":{"qubely_global_settings":"","qubely_interactions":"","inline_featured_image":false,"_uag_custom_page_level_css":"","footnotes":""},"categories":[1],"tags":[],"class_list":["post-3380","post","type-post","status-publish","format-standard","has-post-thumbnail","hentry","category-allgemein"],"qubely_featured_image_url":{"full":["https:\/\/wp.blasmusik-gebenbach.de\/wp-content\/uploads\/2023-2.-Probentag-3.jpg",1920,1440,false],"landscape":["https:\/\/wp.blasmusik-gebenbach.de\/wp-content\/uploads\/2023-2.-Probentag-3-1200x750.jpg",1200,750,true],"portraits":["https:\/\/wp.blasmusik-gebenbach.de\/wp-content\/uploads\/2023-2.-Probentag-3-540x320.jpg",540,320,true],"thumbnail":["https:\/\/wp.blasmusik-gebenbach.de\/wp-content\/uploads\/2023-2.-Probentag-3-150x150.jpg",150,150,true],"medium":["https:\/\/wp.blasmusik-gebenbach.de\/wp-content\/uploads\/2023-2.-Probentag-3-300x225.jpg",300,225,true],"medium_large":["https:\/\/wp.blasmusik-gebenbach.de\/wp-content\/uploads\/2023-2.-Probentag-3-768x576.jpg",768,576,true],"large":["https:\/\/wp.blasmusik-gebenbach.de\/wp-content\/uploads\/2023-2.-Probentag-3-1024x768.jpg",843,632,true],"1536x1536":["https:\/\/wp.blasmusik-gebenbach.de\/wp-content\/uploads\/2023-2.-Probentag-3-1536x1152.jpg",1536,1152,true],"2048x2048":["https:\/\/wp.blasmusik-gebenbach.de\/wp-content\/uploads\/2023-2.-Probentag-3.jpg",1920,1440,false],"qubely_landscape":["https:\/\/wp.blasmusik-gebenbach.de\/wp-content\/uploads\/2023-2.-Probentag-3-1200x750.jpg",1200,750,true],"qubely_portrait":["https:\/\/wp.blasmusik-gebenbach.de\/wp-content\/uploads\/2023-2.-Probentag-3-540x320.jpg",540,320,true],"qubely_thumbnail":["https:\/\/wp.blasmusik-gebenbach.de\/wp-content\/uploads\/2023-2.-Probentag-3-140x100.jpg",140,100,true]},"qubely_author":{"display_name":"wp_admin","author_link":"https:\/\/wp.blasmusik-gebenbach.de\/?author=1"},"qubely_comment":0,"qubely_category":"<a href=\"https:\/\/wp.blasmusik-gebenbach.de\/?cat=1\" rel=\"category\">Allgemein<\/a>","qubely_excerpt":"H\u00f6chste Konzentration war beim zweiten Probentag der Blasmusik Gebenbach gefragt. Zur Vorbereitung auf das traditionelle Fr\u00fchjahrskonzert versammelten sich die Musiker des Hauptorchesters, um die Konzertst\u00fccke&hellip;","uagb_featured_image_src":{"full":["https:\/\/wp.blasmusik-gebenbach.de\/wp-content\/uploads\/2023-2.-Probentag-3.jpg",1920,1440,false],"thumbnail":["https:\/\/wp.blasmusik-gebenbach.de\/wp-content\/uploads\/2023-2.-Probentag-3-150x150.jpg",150,150,true],"medium":["https:\/\/wp.blasmusik-gebenbach.de\/wp-content\/uploads\/2023-2.-Probentag-3-300x225.jpg",300,225,true],"medium_large":["https:\/\/wp.blasmusik-gebenbach.de\/wp-content\/uploads\/2023-2.-Probentag-3-768x576.jpg",768,576,true],"large":["https:\/\/wp.blasmusik-gebenbach.de\/wp-content\/uploads\/2023-2.-Probentag-3-1024x768.jpg",843,632,true],"1536x1536":["https:\/\/wp.blasmusik-gebenbach.de\/wp-content\/uploads\/2023-2.-Probentag-3-1536x1152.jpg",1536,1152,true],"2048x2048":["https:\/\/wp.blasmusik-gebenbach.de\/wp-content\/uploads\/2023-2.-Probentag-3.jpg",1920,1440,false],"qubely_landscape":["https:\/\/wp.blasmusik-gebenbach.de\/wp-content\/uploads\/2023-2.-Probentag-3-1200x750.jpg",1200,750,true],"qubely_portrait":["https:\/\/wp.blasmusik-gebenbach.de\/wp-content\/uploads\/2023-2.-Probentag-3-540x320.jpg",540,320,true],"qubely_thumbnail":["https:\/\/wp.blasmusik-gebenbach.de\/wp-content\/uploads\/2023-2.-Probentag-3-140x100.jpg",140,100,true]},"uagb_author_info":{"display_name":"wp_admin","author_link":"https:\/\/wp.blasmusik-gebenbach.de\/?author=1"},"uagb_comment_info":0,"uagb_excerpt":"H\u00f6chste Konzentration war beim zweiten Probentag der Blasmusik Gebenbach gefragt. Zur Vorbereitung auf das traditionelle Fr\u00fchjahrskonzert versammelten sich die Musiker des Hauptorchesters, um die Konzertst\u00fccke&hellip;","_links":{"self":[{"href":"https:\/\/wp.blasmusik-gebenbach.de\/index.php?rest_route=\/wp\/v2\/posts\/3380","targetHints":{"allow":["GET"]}}],"collection":[{"href":"https:\/\/wp.blasmusik-gebenbach.de\/index.php?rest_route=\/wp\/v2\/posts"}],"about":[{"href":"https:\/\/wp.blasmusik-gebenbach.de\/index.php?rest_route=\/wp\/v2\/types\/post"}],"author":[{"embeddable":true,"href":"https:\/\/wp.blasmusik-gebenbach.de\/index.php?rest_route=\/wp\/v2\/users\/1"}],"replies":[{"embeddable":true,"href":"https:\/\/wp.blasmusik-gebenbach.de\/index.php?rest_route=%2Fwp%2Fv2%2Fcomments&post=3380"}],"version-history":[{"count":3,"href":"https:\/\/wp.blasmusik-gebenbach.de\/index.php?rest_route=\/wp\/v2\/posts\/3380\/revisions"}],"predecessor-version":[{"id":3383,"href":"https:\/\/wp.blasmusik-gebenbach.de\/index.php?rest_route=\/wp\/v2\/posts\/3380\/revisions\/3383"}],"wp:featuredmedia":[{"embeddable":true,"href":"https:\/\/wp.blasmusik-gebenbach.de\/index.php?rest_route=\/wp\/v2\/media\/3377"}],"wp:attachment":[{"href":"https:\/\/wp.blasmusik-gebenbach.de\/index.php?rest_route=%2Fwp%2Fv2%2Fmedia&parent=3380"}],"wp:term":[{"taxonomy":"category","embeddable":true,"href":"https:\/\/wp.blasmusik-gebenbach.de\/index.php?rest_route=%2Fwp%2Fv2%2Fcategories&post=3380"},{"taxonomy":"post_tag","embeddable":true,"href":"https:\/\/wp.blasmusik-gebenbach.de\/index.php?rest_route=%2Fwp%2Fv2%2Ftags&post=3380"}],"curies":[{"name":"wp","href":"https:\/\/api.w.org\/{rel}","templated":true}]}}