{"id":3451,"date":"2023-06-11T09:30:52","date_gmt":"2023-06-11T07:30:52","guid":{"rendered":"https:\/\/wp.blasmusik-gebenbach.de\/?p=3451"},"modified":"2023-09-06T09:43:47","modified_gmt":"2023-09-06T07:43:47","slug":"abstimmen-fuer-die-blasmusik-gebenbach","status":"publish","type":"post","link":"https:\/\/wp.blasmusik-gebenbach.de\/?p=3451","title":{"rendered":"Abstimmen f\u00fcr die Blasmusik Gebenbach"},"content":{"rendered":"\n<p>Bereits zum 6. Mal lobt die Volksbank-Raiffeisenbank Amberg-Sulzbach ihren F\u00f6rderpreis im Jahr 2023 aus. Mit diesem Preis setzt sie sich f\u00fcr die Region ein und unterst\u00fctzt Vereine und soziale Einrichtungen bei ihren gemeinn\u00fctzigen Projekten.<\/p>\n\n\n\n<figure class=\"wp-block-image size-full is-resized\"><a href=\"https:\/\/neu.vr-foerderpreis.de\/vras\" target=\"_blank\" rel=\"noreferrer noopener\"><img loading=\"lazy\" decoding=\"async\" src=\"https:\/\/wp.blasmusik-gebenbach.de\/wp-content\/uploads\/930x270-VR-Foerderpreis.jpg\" alt=\"\" class=\"wp-image-3452\" style=\"width:373px;height:121px\" width=\"373\" height=\"121\" srcset=\"https:\/\/wp.blasmusik-gebenbach.de\/wp-content\/uploads\/930x270-VR-Foerderpreis.jpg 745w, https:\/\/wp.blasmusik-gebenbach.de\/wp-content\/uploads\/930x270-VR-Foerderpreis-300x97.jpg 300w\" sizes=\"auto, (max-width: 373px) 100vw, 373px\" \/><\/a><\/figure>\n\n\n\n<p>Die Blasmusik Gebenbach hat sich erfolgreich beworben um die Teilnahme am <a href=\"https:\/\/neu.vr-foerderpreis.de\/vras\" target=\"_blank\" rel=\"noreferrer noopener\">Voting<\/a> mit ihrem Projekt:<\/p>\n\n\n\n<p><strong>Komposition eines 4-s\u00e4tzigen Werkes<\/strong><\/p>\n\n\n\n<p>Nachdem unser 40-j\u00e4hriges Jubil\u00e4um 2020 der Corona-Pandemie zum Opfer fiel, d\u00fcrfen wir im Jahr 2024 unser 44-j\u00e4hriges Vereinsjubil\u00e4um feiern. Dazu werden wir eine Konzertreihe organisieren: 4 Konzerte, 4 Locations, 4 Jahreszeiten.<\/p>\n\n\n\n<p>Zum Geburtstag wollen wir uns einen schon lange gehegten Wunsch einer Auftragskomposition verwirklichen. Selbstverst\u00e4ndlich wird die Komposition regionalen Bezug aufweisen, besondere Merkmale der Blasmusik Gebenbach sowie der Gemeinde Gebenbach und des Landkreises Amberg-Sulzbach werden sich in der Musik widerspiegeln.<\/p>\n\n\n\n<p><strong>Damit wir am Ende auch den Zuschlag f\u00fcr eines der Preisgelder erhalten sind wir auf <a rel=\"noreferrer noopener\" href=\"https:\/\/neu.vr-foerderpreis.de\/vras\" target=\"_blank\">ihre Stimme<\/a> angewiesen.<\/strong><\/p>\n\n\n\n<p>Vom <strong>12.06. &#8211; 09.07.2023 <\/strong>k\u00f6nnen sie f\u00fcr uns auf der Webseite der VR Amberg-Sulzbach <a href=\"https:\/\/neu.vr-foerderpreis.de\/vras\" target=\"_blank\" rel=\"noreferrer noopener\">abstimmen<\/a>.<\/p>\n\n\n\n<div class=\"wp-block-qubely-button qubely-block-08d37b\"><div class=\"qubely-block-btn-wrapper \"><div class=\"qubely-block-btn\"><a class=\"qubely-block-btn-anchor is-medium\" href=\"https:\/\/neu.vr-foerderpreis.de\/vras\" target=\"_blank\" rel=\"noopener noreferrer\">Abstimmen<\/a><\/div><\/div><\/div>\n\n\n\n<p>Zus\u00e4tzlich k\u00f6nnen sie auch mit einer kleinen Geldspende unser Projekt unterst\u00fctzen. F\u00fcr je 10\u20ac an Spenden bekommen wir eine zus\u00e4tzliche Stimme beim Voting.<\/p>\n\n\n\n<p><strong>Spendenkonto:<\/strong><br>Blasmusik Gebenbach e.V.<br>IBAN: DE62 7529 0000 0106 5325 19<br>BIC: GENODEF1AMV<\/p>\n\n\n\n<p><\/p>\n","protected":false},"excerpt":{"rendered":"<p>Bereits zum 6. Mal lobt die Volksbank-Raiffeisenbank Amberg-Sulzbach ihren F\u00f6rderpreis im Jahr 2023 aus. Mit diesem Preis setzt sie sich f\u00fcr die Region ein und&hellip;<\/p>\n","protected":false},"author":1,"featured_media":0,"comment_status":"closed","ping_status":"closed","sticky":false,"template":"","format":"standard","meta":{"qubely_global_settings":"","qubely_interactions":"","inline_featured_image":false,"_uag_custom_page_level_css":"","footnotes":""},"categories":[1],"tags":[],"class_list":["post-3451","post","type-post","status-publish","format-standard","hentry","category-allgemein"],"qubely_featured_image_url":null,"qubely_author":{"display_name":"wp_admin","author_link":"https:\/\/wp.blasmusik-gebenbach.de\/?author=1"},"qubely_comment":0,"qubely_category":"<a href=\"https:\/\/wp.blasmusik-gebenbach.de\/?cat=1\" rel=\"category\">Allgemein<\/a>","qubely_excerpt":"Bereits zum 6. Mal lobt die Volksbank-Raiffeisenbank Amberg-Sulzbach ihren F\u00f6rderpreis im Jahr 2023 aus. Mit diesem Preis setzt sie sich f\u00fcr die Region ein und&hellip;","uagb_featured_image_src":{"full":false,"thumbnail":false,"medium":false,"medium_large":false,"large":false,"1536x1536":false,"2048x2048":false,"qubely_landscape":false,"qubely_portrait":false,"qubely_thumbnail":false},"uagb_author_info":{"display_name":"wp_admin","author_link":"https:\/\/wp.blasmusik-gebenbach.de\/?author=1"},"uagb_comment_info":0,"uagb_excerpt":"Bereits zum 6. Mal lobt die Volksbank-Raiffeisenbank Amberg-Sulzbach ihren F\u00f6rderpreis im Jahr 2023 aus. Mit diesem Preis setzt sie sich f\u00fcr die Region ein und&hellip;","_links":{"self":[{"href":"https:\/\/wp.blasmusik-gebenbach.de\/index.php?rest_route=\/wp\/v2\/posts\/3451","targetHints":{"allow":["GET"]}}],"collection":[{"href":"https:\/\/wp.blasmusik-gebenbach.de\/index.php?rest_route=\/wp\/v2\/posts"}],"about":[{"href":"https:\/\/wp.blasmusik-gebenbach.de\/index.php?rest_route=\/wp\/v2\/types\/post"}],"author":[{"embeddable":true,"href":"https:\/\/wp.blasmusik-gebenbach.de\/index.php?rest_route=\/wp\/v2\/users\/1"}],"replies":[{"embeddable":true,"href":"https:\/\/wp.blasmusik-gebenbach.de\/index.php?rest_route=%2Fwp%2Fv2%2Fcomments&post=3451"}],"version-history":[{"count":3,"href":"https:\/\/wp.blasmusik-gebenbach.de\/index.php?rest_route=\/wp\/v2\/posts\/3451\/revisions"}],"predecessor-version":[{"id":3500,"href":"https:\/\/wp.blasmusik-gebenbach.de\/index.php?rest_route=\/wp\/v2\/posts\/3451\/revisions\/3500"}],"wp:attachment":[{"href":"https:\/\/wp.blasmusik-gebenbach.de\/index.php?rest_route=%2Fwp%2Fv2%2Fmedia&parent=3451"}],"wp:term":[{"taxonomy":"category","embeddable":true,"href":"https:\/\/wp.blasmusik-gebenbach.de\/index.php?rest_route=%2Fwp%2Fv2%2Fcategories&post=3451"},{"taxonomy":"post_tag","embeddable":true,"href":"https:\/\/wp.blasmusik-gebenbach.de\/index.php?rest_route=%2Fwp%2Fv2%2Ftags&post=3451"}],"curies":[{"name":"wp","href":"https:\/\/api.w.org\/{rel}","templated":true}]}}