{"id":3457,"date":"2023-06-19T18:59:35","date_gmt":"2023-06-19T16:59:35","guid":{"rendered":"https:\/\/wp.blasmusik-gebenbach.de\/?p=3457"},"modified":"2023-06-21T18:18:20","modified_gmt":"2023-06-21T16:18:20","slug":"schnupperstunden-fuer-musikalische-frueherziehung","status":"publish","type":"post","link":"https:\/\/wp.blasmusik-gebenbach.de\/?p=3457","title":{"rendered":"Schnupperstunden f\u00fcr Musikalische Fr\u00fcherziehung"},"content":{"rendered":"\n<p>Im neuen Schuljahr startet die Blasmusik Gebenbach wieder mit einer neuen Gruppe <strong>\u201eMusikalische Fr\u00fcherziehung\u201c<\/strong>. Hierzu werden im Voraus am 05.07., 12.07. und 19.07. jeweils um 14 Uhr in der Gebenbach Schulturnhalle Schnupperstunden angeboten, bei denen alle interessierten Kinder mit ihren Eltern eine Unterrichtsstunde miterleben k\u00f6nnen.<\/p>\n\n\n\n<p>Das Angebot \u201eMusikalische Fr\u00fcherziehung\u201c richtet sich an Kinder im Alter von vier bis sechs Jahren und ist eine gute Vorbereitung f\u00fcr weitere musikalische Aktivit\u00e4ten wie Blockfl\u00f6te oder eine Instrumentalausbildung. Der neue Kurs startet im <strong>Januar 2024<\/strong> und findet dann einmal pro Woche statt. \u00a0<\/p>\n\n\n\n<p>N\u00e4here Informationen und Anmeldung bei Sieglinde Geier (Tel. 0160 98239599 oder auch \u00fcber WhatsApp).<\/p>\n","protected":false},"excerpt":{"rendered":"<p>Im neuen Schuljahr startet die Blasmusik Gebenbach wieder mit einer neuen Gruppe \u201eMusikalische Fr\u00fcherziehung\u201c. Hierzu werden im Voraus am 05.07., 12.07. und 19.07. jeweils um&hellip;<\/p>\n","protected":false},"author":1,"featured_media":1103,"comment_status":"closed","ping_status":"closed","sticky":false,"template":"","format":"standard","meta":{"qubely_global_settings":"","qubely_interactions":"","inline_featured_image":false,"_uag_custom_page_level_css":"","footnotes":""},"categories":[1],"tags":[],"class_list":["post-3457","post","type-post","status-publish","format-standard","has-post-thumbnail","hentry","category-allgemein"],"qubely_featured_image_url":{"full":["https:\/\/wp.blasmusik-gebenbach.de\/wp-content\/uploads\/MFE.jpg",1024,678,false],"landscape":["https:\/\/wp.blasmusik-gebenbach.de\/wp-content\/uploads\/MFE.jpg",1024,678,false],"portraits":["https:\/\/wp.blasmusik-gebenbach.de\/wp-content\/uploads\/MFE-540x320.jpg",540,320,true],"thumbnail":["https:\/\/wp.blasmusik-gebenbach.de\/wp-content\/uploads\/MFE-150x150.jpg",150,150,true],"medium":["https:\/\/wp.blasmusik-gebenbach.de\/wp-content\/uploads\/MFE-300x199.jpg",300,199,true],"medium_large":["https:\/\/wp.blasmusik-gebenbach.de\/wp-content\/uploads\/MFE-768x509.jpg",768,509,true],"large":["https:\/\/wp.blasmusik-gebenbach.de\/wp-content\/uploads\/MFE.jpg",843,558,false],"1536x1536":["https:\/\/wp.blasmusik-gebenbach.de\/wp-content\/uploads\/MFE.jpg",1024,678,false],"2048x2048":["https:\/\/wp.blasmusik-gebenbach.de\/wp-content\/uploads\/MFE.jpg",1024,678,false],"qubely_landscape":["https:\/\/wp.blasmusik-gebenbach.de\/wp-content\/uploads\/MFE.jpg",1024,678,false],"qubely_portrait":["https:\/\/wp.blasmusik-gebenbach.de\/wp-content\/uploads\/MFE-540x320.jpg",540,320,true],"qubely_thumbnail":["https:\/\/wp.blasmusik-gebenbach.de\/wp-content\/uploads\/MFE-140x100.jpg",140,100,true]},"qubely_author":{"display_name":"wp_admin","author_link":"https:\/\/wp.blasmusik-gebenbach.de\/?author=1"},"qubely_comment":0,"qubely_category":"<a href=\"https:\/\/wp.blasmusik-gebenbach.de\/?cat=1\" rel=\"category\">Allgemein<\/a>","qubely_excerpt":"Im neuen Schuljahr startet die Blasmusik Gebenbach wieder mit einer neuen Gruppe \u201eMusikalische Fr\u00fcherziehung\u201c. Hierzu werden im Voraus am 05.07., 12.07. und 19.07. jeweils um&hellip;","uagb_featured_image_src":{"full":["https:\/\/wp.blasmusik-gebenbach.de\/wp-content\/uploads\/MFE.jpg",1024,678,false],"thumbnail":["https:\/\/wp.blasmusik-gebenbach.de\/wp-content\/uploads\/MFE-150x150.jpg",150,150,true],"medium":["https:\/\/wp.blasmusik-gebenbach.de\/wp-content\/uploads\/MFE-300x199.jpg",300,199,true],"medium_large":["https:\/\/wp.blasmusik-gebenbach.de\/wp-content\/uploads\/MFE-768x509.jpg",768,509,true],"large":["https:\/\/wp.blasmusik-gebenbach.de\/wp-content\/uploads\/MFE.jpg",843,558,false],"1536x1536":["https:\/\/wp.blasmusik-gebenbach.de\/wp-content\/uploads\/MFE.jpg",1024,678,false],"2048x2048":["https:\/\/wp.blasmusik-gebenbach.de\/wp-content\/uploads\/MFE.jpg",1024,678,false],"qubely_landscape":["https:\/\/wp.blasmusik-gebenbach.de\/wp-content\/uploads\/MFE.jpg",1024,678,false],"qubely_portrait":["https:\/\/wp.blasmusik-gebenbach.de\/wp-content\/uploads\/MFE-540x320.jpg",540,320,true],"qubely_thumbnail":["https:\/\/wp.blasmusik-gebenbach.de\/wp-content\/uploads\/MFE-140x100.jpg",140,100,true]},"uagb_author_info":{"display_name":"wp_admin","author_link":"https:\/\/wp.blasmusik-gebenbach.de\/?author=1"},"uagb_comment_info":0,"uagb_excerpt":"Im neuen Schuljahr startet die Blasmusik Gebenbach wieder mit einer neuen Gruppe \u201eMusikalische Fr\u00fcherziehung\u201c. Hierzu werden im Voraus am 05.07., 12.07. und 19.07. jeweils um&hellip;","_links":{"self":[{"href":"https:\/\/wp.blasmusik-gebenbach.de\/index.php?rest_route=\/wp\/v2\/posts\/3457","targetHints":{"allow":["GET"]}}],"collection":[{"href":"https:\/\/wp.blasmusik-gebenbach.de\/index.php?rest_route=\/wp\/v2\/posts"}],"about":[{"href":"https:\/\/wp.blasmusik-gebenbach.de\/index.php?rest_route=\/wp\/v2\/types\/post"}],"author":[{"embeddable":true,"href":"https:\/\/wp.blasmusik-gebenbach.de\/index.php?rest_route=\/wp\/v2\/users\/1"}],"replies":[{"embeddable":true,"href":"https:\/\/wp.blasmusik-gebenbach.de\/index.php?rest_route=%2Fwp%2Fv2%2Fcomments&post=3457"}],"version-history":[{"count":2,"href":"https:\/\/wp.blasmusik-gebenbach.de\/index.php?rest_route=\/wp\/v2\/posts\/3457\/revisions"}],"predecessor-version":[{"id":3461,"href":"https:\/\/wp.blasmusik-gebenbach.de\/index.php?rest_route=\/wp\/v2\/posts\/3457\/revisions\/3461"}],"wp:featuredmedia":[{"embeddable":true,"href":"https:\/\/wp.blasmusik-gebenbach.de\/index.php?rest_route=\/wp\/v2\/media\/1103"}],"wp:attachment":[{"href":"https:\/\/wp.blasmusik-gebenbach.de\/index.php?rest_route=%2Fwp%2Fv2%2Fmedia&parent=3457"}],"wp:term":[{"taxonomy":"category","embeddable":true,"href":"https:\/\/wp.blasmusik-gebenbach.de\/index.php?rest_route=%2Fwp%2Fv2%2Fcategories&post=3457"},{"taxonomy":"post_tag","embeddable":true,"href":"https:\/\/wp.blasmusik-gebenbach.de\/index.php?rest_route=%2Fwp%2Fv2%2Ftags&post=3457"}],"curies":[{"name":"wp","href":"https:\/\/api.w.org\/{rel}","templated":true}]}}