{"id":3563,"date":"2024-01-23T18:26:41","date_gmt":"2024-01-23T17:26:41","guid":{"rendered":"https:\/\/wp.blasmusik-gebenbach.de\/?p=3563"},"modified":"2024-01-23T18:31:18","modified_gmt":"2024-01-23T17:31:18","slug":"ehrung-langjaehriger-musiker-und-verleihung-von-d2-leistungsabzeichen","status":"publish","type":"post","link":"https:\/\/wp.blasmusik-gebenbach.de\/?p=3563","title":{"rendered":"Ehrung langj\u00e4hriger Musiker und Verleihung von D2 Leistungsabzeichen"},"content":{"rendered":"\n<p>Um dem Herzst\u00fcck der Blasmusik Gebenbach, also allen Musikern des Haupt- und Nachwuchsorchesters, einen Dank entgegenzubringen, lud Vorsitzender Simon L\u00f6sch zum gemeinsamen Jahresessen ein. Die Zusammenkunft war der ideale Rahmen, um langj\u00e4hrige aktive Musiker f\u00fcr ihr zuverl\u00e4ssiges Wirken auszuzeichnen. Die Ehrungen wurden zusammen mit dem Vorsitzenden, zweiten Vorsitzenden Johannes Gottschalk, der stellvertretender Dirigentin Angelika Sch\u00f6pf und dem stellvertretenden Bezirksvorsitzenden des Nordbayerischen Musikbundes, Werner Stein, vergeben.<\/p>\n\n\n\n<p>F\u00fcr f\u00fcnf Jahre wurden Carolin Ruppert, Veronika G\u00f6tz sowie Lena und Luisa Siegert ausgezeichnet. Bereits seit zehn Jahren musizieren Maria und Johanna Dotzler. Die Ehrung f\u00fcr 15 Jahre aktives Musizieren erhielt Miriam Graf. Seit bereits zwei Jahrzehnten sind Johannes Gottschalk und Anna Schreglmann dabei. F\u00fcr 25 Jahre wurde Theresa Sch\u00f6pf geehrt. Ein Jahr vor der Gr\u00fcndung des Vereins &#8211; also schon im Jahr 1979 &#8211; begannen Josef Dotzler, Anselm Sch\u00f6pf und Wolfgang Sch\u00f6pf mit dem Proben &#8211; und sind seitdem ununterbrochen und unerm\u00fcdlich f\u00fcr die Blasmusik im Einsatz. Als Dank f\u00fcr ihre 45-j\u00e4hrige Musikerkarriere erhielten sie die Verdienstmedaille in Gold.<\/p>\n\n\n\n<figure class=\"wp-block-image size-large\"><img loading=\"lazy\" decoding=\"async\" width=\"1024\" height=\"722\" src=\"https:\/\/wp.blasmusik-gebenbach.de\/wp-content\/uploads\/Ehrungen_2024_1-1024x722.jpg\" alt=\"\" class=\"wp-image-3561\" srcset=\"https:\/\/wp.blasmusik-gebenbach.de\/wp-content\/uploads\/Ehrungen_2024_1-1024x722.jpg 1024w, https:\/\/wp.blasmusik-gebenbach.de\/wp-content\/uploads\/Ehrungen_2024_1-300x212.jpg 300w, https:\/\/wp.blasmusik-gebenbach.de\/wp-content\/uploads\/Ehrungen_2024_1-768x542.jpg 768w, https:\/\/wp.blasmusik-gebenbach.de\/wp-content\/uploads\/Ehrungen_2024_1-1536x1083.jpg 1536w, https:\/\/wp.blasmusik-gebenbach.de\/wp-content\/uploads\/Ehrungen_2024_1-140x100.jpg 140w, https:\/\/wp.blasmusik-gebenbach.de\/wp-content\/uploads\/Ehrungen_2024_1.jpg 1920w\" sizes=\"auto, (max-width: 1024px) 100vw, 1024px\" \/><figcaption class=\"wp-element-caption\">Ehrung langj\u00e4hriger Musiker<\/figcaption><\/figure>\n\n\n\n<p>Blasmusik-Vorsitzender Simon L\u00f6sch gratulierte au\u00dferdem den engagierten Musikerinnen Carolin Ruppert, Paula Dotzler und Paulina L\u00f6sch zum erfolgreichen Bestehen des silbernen Leistungsabzeichens des Nordbayerischen Musikbundes.<\/p>\n\n\n\n<figure class=\"wp-block-image size-large\"><img loading=\"lazy\" decoding=\"async\" width=\"1024\" height=\"915\" src=\"https:\/\/wp.blasmusik-gebenbach.de\/wp-content\/uploads\/Ehrungen_2024_2-1024x915.jpg\" alt=\"\" class=\"wp-image-3562\" srcset=\"https:\/\/wp.blasmusik-gebenbach.de\/wp-content\/uploads\/Ehrungen_2024_2-1024x915.jpg 1024w, https:\/\/wp.blasmusik-gebenbach.de\/wp-content\/uploads\/Ehrungen_2024_2-300x268.jpg 300w, https:\/\/wp.blasmusik-gebenbach.de\/wp-content\/uploads\/Ehrungen_2024_2-768x686.jpg 768w, https:\/\/wp.blasmusik-gebenbach.de\/wp-content\/uploads\/Ehrungen_2024_2-1536x1372.jpg 1536w, https:\/\/wp.blasmusik-gebenbach.de\/wp-content\/uploads\/Ehrungen_2024_2.jpg 1920w\" sizes=\"auto, (max-width: 1024px) 100vw, 1024px\" \/><figcaption class=\"wp-element-caption\">Verleihung von D2 Leistungsabzeichen an Paula Dotzler, Carolin Ruppert und Paulina L\u00f6sch<\/figcaption><\/figure>\n","protected":false},"excerpt":{"rendered":"<p>Um dem Herzst\u00fcck der Blasmusik Gebenbach, also allen Musikern des Haupt- und Nachwuchsorchesters, einen Dank entgegenzubringen, lud Vorsitzender Simon L\u00f6sch zum gemeinsamen Jahresessen ein. Die&hellip;<\/p>\n","protected":false},"author":1,"featured_media":0,"comment_status":"closed","ping_status":"closed","sticky":false,"template":"","format":"standard","meta":{"qubely_global_settings":"","qubely_interactions":"","inline_featured_image":false,"_uag_custom_page_level_css":"","footnotes":""},"categories":[1],"tags":[],"class_list":["post-3563","post","type-post","status-publish","format-standard","hentry","category-allgemein"],"qubely_featured_image_url":null,"qubely_author":{"display_name":"wp_admin","author_link":"https:\/\/wp.blasmusik-gebenbach.de\/?author=1"},"qubely_comment":0,"qubely_category":"<a href=\"https:\/\/wp.blasmusik-gebenbach.de\/?cat=1\" rel=\"category\">Allgemein<\/a>","qubely_excerpt":"Um dem Herzst\u00fcck der Blasmusik Gebenbach, also allen Musikern des Haupt- und Nachwuchsorchesters, einen Dank entgegenzubringen, lud Vorsitzender Simon L\u00f6sch zum gemeinsamen Jahresessen ein. Die&hellip;","uagb_featured_image_src":{"full":false,"thumbnail":false,"medium":false,"medium_large":false,"large":false,"1536x1536":false,"2048x2048":false,"qubely_landscape":false,"qubely_portrait":false,"qubely_thumbnail":false},"uagb_author_info":{"display_name":"wp_admin","author_link":"https:\/\/wp.blasmusik-gebenbach.de\/?author=1"},"uagb_comment_info":0,"uagb_excerpt":"Um dem Herzst\u00fcck der Blasmusik Gebenbach, also allen Musikern des Haupt- und Nachwuchsorchesters, einen Dank entgegenzubringen, lud Vorsitzender Simon L\u00f6sch zum gemeinsamen Jahresessen ein. Die&hellip;","_links":{"self":[{"href":"https:\/\/wp.blasmusik-gebenbach.de\/index.php?rest_route=\/wp\/v2\/posts\/3563","targetHints":{"allow":["GET"]}}],"collection":[{"href":"https:\/\/wp.blasmusik-gebenbach.de\/index.php?rest_route=\/wp\/v2\/posts"}],"about":[{"href":"https:\/\/wp.blasmusik-gebenbach.de\/index.php?rest_route=\/wp\/v2\/types\/post"}],"author":[{"embeddable":true,"href":"https:\/\/wp.blasmusik-gebenbach.de\/index.php?rest_route=\/wp\/v2\/users\/1"}],"replies":[{"embeddable":true,"href":"https:\/\/wp.blasmusik-gebenbach.de\/index.php?rest_route=%2Fwp%2Fv2%2Fcomments&post=3563"}],"version-history":[{"count":2,"href":"https:\/\/wp.blasmusik-gebenbach.de\/index.php?rest_route=\/wp\/v2\/posts\/3563\/revisions"}],"predecessor-version":[{"id":3565,"href":"https:\/\/wp.blasmusik-gebenbach.de\/index.php?rest_route=\/wp\/v2\/posts\/3563\/revisions\/3565"}],"wp:attachment":[{"href":"https:\/\/wp.blasmusik-gebenbach.de\/index.php?rest_route=%2Fwp%2Fv2%2Fmedia&parent=3563"}],"wp:term":[{"taxonomy":"category","embeddable":true,"href":"https:\/\/wp.blasmusik-gebenbach.de\/index.php?rest_route=%2Fwp%2Fv2%2Fcategories&post=3563"},{"taxonomy":"post_tag","embeddable":true,"href":"https:\/\/wp.blasmusik-gebenbach.de\/index.php?rest_route=%2Fwp%2Fv2%2Ftags&post=3563"}],"curies":[{"name":"wp","href":"https:\/\/api.w.org\/{rel}","templated":true}]}}