{"id":3596,"date":"2024-04-15T19:45:57","date_gmt":"2024-04-15T17:45:57","guid":{"rendered":"https:\/\/wp.blasmusik-gebenbach.de\/?p=3596"},"modified":"2024-04-15T19:45:58","modified_gmt":"2024-04-15T17:45:58","slug":"verleihung-junior-award-2024","status":"publish","type":"post","link":"https:\/\/wp.blasmusik-gebenbach.de\/?p=3596","title":{"rendered":"Verleihung Junior Award 2024"},"content":{"rendered":"\n<p>Anl\u00e4sslich der Veranstaltung &#8222;44 Jahre BMG \u2013 eine Zeitreise&#8220; begr\u00fc\u00dfte Vorsitzender Simon L\u00f6sch Katharina Stein, Kreisvorsitzende der Nordbayerischen Bl\u00e4serjugend. Sie nutzte die Veranstaltung, um den Junior-Award an die Blasmusik Gebenbach zu \u00fcberreichen.<\/p>\n\n\n\n<p>Der Junior-Award ist eine Auszeichnung f\u00fcr Vereine mit besonderem Engagement und Innovationskraft im Bereich der Jungendarbeit. In der aktuellen Bewertung lobte Katharina Stein u.a. das strukturierte Vereins- und Ausbildungsmanagement und die Bem\u00fchungen w\u00e4hrend der Corona-Zeit, den Musikbetrieb am Laufen zu halten.<\/p>\n\n\n<div class=\"wp-block-image\">\n<figure class=\"aligncenter size-large is-resized\"><img loading=\"lazy\" decoding=\"async\" width=\"1024\" height=\"656\" src=\"https:\/\/wp.blasmusik-gebenbach.de\/wp-content\/uploads\/2024-Verleihung-Junior-Award-1024x656.jpg\" alt=\"\" class=\"wp-image-3597\" style=\"width:500px\" srcset=\"https:\/\/wp.blasmusik-gebenbach.de\/wp-content\/uploads\/2024-Verleihung-Junior-Award-1024x656.jpg 1024w, https:\/\/wp.blasmusik-gebenbach.de\/wp-content\/uploads\/2024-Verleihung-Junior-Award-300x192.jpg 300w, https:\/\/wp.blasmusik-gebenbach.de\/wp-content\/uploads\/2024-Verleihung-Junior-Award-768x492.jpg 768w, https:\/\/wp.blasmusik-gebenbach.de\/wp-content\/uploads\/2024-Verleihung-Junior-Award-1536x984.jpg 1536w, https:\/\/wp.blasmusik-gebenbach.de\/wp-content\/uploads\/2024-Verleihung-Junior-Award.jpg 1920w\" sizes=\"auto, (max-width: 1024px) 100vw, 1024px\" \/><\/figure>\n<\/div>\n\n<div class=\"wp-block-image\">\n<figure class=\"aligncenter size-full is-resized\"><img loading=\"lazy\" decoding=\"async\" width=\"512\" height=\"512\" src=\"https:\/\/wp.blasmusik-gebenbach.de\/wp-content\/uploads\/stempel_junioraward.jpg\" alt=\"\" class=\"wp-image-3595\" style=\"width:250px\" srcset=\"https:\/\/wp.blasmusik-gebenbach.de\/wp-content\/uploads\/stempel_junioraward.jpg 512w, https:\/\/wp.blasmusik-gebenbach.de\/wp-content\/uploads\/stempel_junioraward-300x300.jpg 300w, https:\/\/wp.blasmusik-gebenbach.de\/wp-content\/uploads\/stempel_junioraward-150x150.jpg 150w\" sizes=\"auto, (max-width: 512px) 100vw, 512px\" \/><\/figure>\n<\/div>","protected":false},"excerpt":{"rendered":"<p>Anl\u00e4sslich der Veranstaltung &#8222;44 Jahre BMG \u2013 eine Zeitreise&#8220; begr\u00fc\u00dfte Vorsitzender Simon L\u00f6sch Katharina Stein, Kreisvorsitzende der Nordbayerischen Bl\u00e4serjugend. Sie nutzte die Veranstaltung, um den&hellip;<\/p>\n","protected":false},"author":1,"featured_media":3594,"comment_status":"closed","ping_status":"closed","sticky":false,"template":"","format":"standard","meta":{"qubely_global_settings":"","qubely_interactions":"","inline_featured_image":false,"_uag_custom_page_level_css":"","footnotes":""},"categories":[1],"tags":[],"class_list":["post-3596","post","type-post","status-publish","format-standard","has-post-thumbnail","hentry","category-allgemein"],"qubely_featured_image_url":{"full":["https:\/\/wp.blasmusik-gebenbach.de\/wp-content\/uploads\/Junior_Award_2024_klein.png",449,575,false],"landscape":["https:\/\/wp.blasmusik-gebenbach.de\/wp-content\/uploads\/Junior_Award_2024_klein.png",449,575,false],"portraits":["https:\/\/wp.blasmusik-gebenbach.de\/wp-content\/uploads\/Junior_Award_2024_klein-449x320.png",449,320,true],"thumbnail":["https:\/\/wp.blasmusik-gebenbach.de\/wp-content\/uploads\/Junior_Award_2024_klein-150x150.png",150,150,true],"medium":["https:\/\/wp.blasmusik-gebenbach.de\/wp-content\/uploads\/Junior_Award_2024_klein-234x300.png",234,300,true],"medium_large":["https:\/\/wp.blasmusik-gebenbach.de\/wp-content\/uploads\/Junior_Award_2024_klein.png",449,575,false],"large":["https:\/\/wp.blasmusik-gebenbach.de\/wp-content\/uploads\/Junior_Award_2024_klein.png",449,575,false],"1536x1536":["https:\/\/wp.blasmusik-gebenbach.de\/wp-content\/uploads\/Junior_Award_2024_klein.png",449,575,false],"2048x2048":["https:\/\/wp.blasmusik-gebenbach.de\/wp-content\/uploads\/Junior_Award_2024_klein.png",449,575,false],"qubely_landscape":["https:\/\/wp.blasmusik-gebenbach.de\/wp-content\/uploads\/Junior_Award_2024_klein.png",449,575,false],"qubely_portrait":["https:\/\/wp.blasmusik-gebenbach.de\/wp-content\/uploads\/Junior_Award_2024_klein-449x320.png",449,320,true],"qubely_thumbnail":["https:\/\/wp.blasmusik-gebenbach.de\/wp-content\/uploads\/Junior_Award_2024_klein-140x100.png",140,100,true]},"qubely_author":{"display_name":"wp_admin","author_link":"https:\/\/wp.blasmusik-gebenbach.de\/?author=1"},"qubely_comment":0,"qubely_category":"<a href=\"https:\/\/wp.blasmusik-gebenbach.de\/?cat=1\" rel=\"category\">Allgemein<\/a>","qubely_excerpt":"Anl\u00e4sslich der Veranstaltung &#8222;44 Jahre BMG \u2013 eine Zeitreise&#8220; begr\u00fc\u00dfte Vorsitzender Simon L\u00f6sch Katharina Stein, Kreisvorsitzende der Nordbayerischen Bl\u00e4serjugend. Sie nutzte die Veranstaltung, um den&hellip;","uagb_featured_image_src":{"full":["https:\/\/wp.blasmusik-gebenbach.de\/wp-content\/uploads\/Junior_Award_2024_klein.png",449,575,false],"thumbnail":["https:\/\/wp.blasmusik-gebenbach.de\/wp-content\/uploads\/Junior_Award_2024_klein-150x150.png",150,150,true],"medium":["https:\/\/wp.blasmusik-gebenbach.de\/wp-content\/uploads\/Junior_Award_2024_klein-234x300.png",234,300,true],"medium_large":["https:\/\/wp.blasmusik-gebenbach.de\/wp-content\/uploads\/Junior_Award_2024_klein.png",449,575,false],"large":["https:\/\/wp.blasmusik-gebenbach.de\/wp-content\/uploads\/Junior_Award_2024_klein.png",449,575,false],"1536x1536":["https:\/\/wp.blasmusik-gebenbach.de\/wp-content\/uploads\/Junior_Award_2024_klein.png",449,575,false],"2048x2048":["https:\/\/wp.blasmusik-gebenbach.de\/wp-content\/uploads\/Junior_Award_2024_klein.png",449,575,false],"qubely_landscape":["https:\/\/wp.blasmusik-gebenbach.de\/wp-content\/uploads\/Junior_Award_2024_klein.png",449,575,false],"qubely_portrait":["https:\/\/wp.blasmusik-gebenbach.de\/wp-content\/uploads\/Junior_Award_2024_klein-449x320.png",449,320,true],"qubely_thumbnail":["https:\/\/wp.blasmusik-gebenbach.de\/wp-content\/uploads\/Junior_Award_2024_klein-140x100.png",140,100,true]},"uagb_author_info":{"display_name":"wp_admin","author_link":"https:\/\/wp.blasmusik-gebenbach.de\/?author=1"},"uagb_comment_info":0,"uagb_excerpt":"Anl\u00e4sslich der Veranstaltung &#8222;44 Jahre BMG \u2013 eine Zeitreise&#8220; begr\u00fc\u00dfte Vorsitzender Simon L\u00f6sch Katharina Stein, Kreisvorsitzende der Nordbayerischen Bl\u00e4serjugend. Sie nutzte die Veranstaltung, um den&hellip;","_links":{"self":[{"href":"https:\/\/wp.blasmusik-gebenbach.de\/index.php?rest_route=\/wp\/v2\/posts\/3596","targetHints":{"allow":["GET"]}}],"collection":[{"href":"https:\/\/wp.blasmusik-gebenbach.de\/index.php?rest_route=\/wp\/v2\/posts"}],"about":[{"href":"https:\/\/wp.blasmusik-gebenbach.de\/index.php?rest_route=\/wp\/v2\/types\/post"}],"author":[{"embeddable":true,"href":"https:\/\/wp.blasmusik-gebenbach.de\/index.php?rest_route=\/wp\/v2\/users\/1"}],"replies":[{"embeddable":true,"href":"https:\/\/wp.blasmusik-gebenbach.de\/index.php?rest_route=%2Fwp%2Fv2%2Fcomments&post=3596"}],"version-history":[{"count":2,"href":"https:\/\/wp.blasmusik-gebenbach.de\/index.php?rest_route=\/wp\/v2\/posts\/3596\/revisions"}],"predecessor-version":[{"id":3599,"href":"https:\/\/wp.blasmusik-gebenbach.de\/index.php?rest_route=\/wp\/v2\/posts\/3596\/revisions\/3599"}],"wp:featuredmedia":[{"embeddable":true,"href":"https:\/\/wp.blasmusik-gebenbach.de\/index.php?rest_route=\/wp\/v2\/media\/3594"}],"wp:attachment":[{"href":"https:\/\/wp.blasmusik-gebenbach.de\/index.php?rest_route=%2Fwp%2Fv2%2Fmedia&parent=3596"}],"wp:term":[{"taxonomy":"category","embeddable":true,"href":"https:\/\/wp.blasmusik-gebenbach.de\/index.php?rest_route=%2Fwp%2Fv2%2Fcategories&post=3596"},{"taxonomy":"post_tag","embeddable":true,"href":"https:\/\/wp.blasmusik-gebenbach.de\/index.php?rest_route=%2Fwp%2Fv2%2Ftags&post=3596"}],"curies":[{"name":"wp","href":"https:\/\/api.w.org\/{rel}","templated":true}]}}