{"id":3958,"date":"2025-10-28T19:15:05","date_gmt":"2025-10-28T18:15:05","guid":{"rendered":"https:\/\/wp.blasmusik-gebenbach.de\/?p=3958"},"modified":"2025-10-28T19:15:23","modified_gmt":"2025-10-28T18:15:23","slug":"kreisorchester-amberg-sulzbach-begeistert-beim-kirchenkonzert-in-gebenbach","status":"publish","type":"post","link":"https:\/\/wp.blasmusik-gebenbach.de\/?p=3958","title":{"rendered":"Kreisorchester Amberg-Sulzbach begeistert beim Kirchenkonzert in Gebenbach"},"content":{"rendered":"\n<p>Ein herausragendes Konzerterlebnis erwartete die Besucher in der Kirche St. Martin Gebenbach am Sonntag, den 19. Oktober 2025: Der Kreisverband Amberg-Sulzbach des Nordbayerischen Musikbundes e.V. lud zum Kirchenkonzert des Kreisorchesters ein. Dieses trat heuer zum zweiten Mal zusammen und setzte sich aus Musikerinnen und Musikern aus den Mitgliedsvereinen aus dem Gebiet des Kreisverbands und mehrerer Nachbarlandkreise zusammen. Im Zeitraum von nur zwei Probentagen wurde das diesj\u00e4hrige Konzertprogramm in Ammerthal und Gebenbach einstudiert. Die Leitung hatte Kreisdirigent Dr. Christian B\u00e4uml inne.<\/p>\n\n\n\n<p>Klanggewaltig startete das Kreisorchester mit einer Choralparaphrase \u00fcber \u201eLobe den Herren\u201c von James Curnow. Anschlie\u00dfend lie\u00dfen die Holzbl\u00e4ser mittelalterliche Kl\u00e4nge des 14. Jahrhunderts aus der \u201eMesse de Nostre Dame\u201c von Machaut erklingen. Zum folgenden Renaissance-Doppelchor \u201eCanzon Septimi Toni \u00e0 8\u201c von Gabrieli teilten sich die Musiker in zwei Gruppen auf und positionierten sich links und rechts im Kirchenschiff. F\u00fcr die Zuh\u00f6rer ergab sich dadurch ein beeindruckender Stereo-Effekt. Aus der Barock-Zeit wurde danach das ber\u00fchmte H\u00e4ndel-Halleluja aus dem \u201eMessias\u201c gespielt. Zeitgen\u00f6ssische Bl\u00e4sermusik bot das Werk \u201eYellow Mountains\u201c von Jacob de de Haan. Mit der Wiener Philharmoniker Fanfare von Richard Strauss zeigte das Kreisorchester seine rhythmische Finesse. Darauf folgte mit dem St\u00fcck \u201eInterlude in the 4th Mode\u201c von Christian B\u00e4uml ein Streifzug im Bereich der seriellen Musik. Die ganze dynamische Bandbreite zeigte der Klangk\u00f6rper mit dem Reitermarsch \u201eGro\u00dfer Kurf\u00fcrst\u201c von Moltke. Beschwingt und zum Mitklatschen einladend pr\u00e4sentierte anschlie\u00dfend das Kreisorchester das Medley \u201eSpiritual Celebration\u201c \u00fcber Gospel-Songs. Ruhiger wurde es dann mit Variationen \u00fcber \u201eGuten Abend, Gut\u2019 Nacht\u201c von Stanek. Den Abschluss bildete das bekannte und gemeinsam gespielte und gesungene \u201eGro\u00dfer Gott\u201c der Musiker und Zuh\u00f6rer.<\/p>\n\n\n\n<figure class=\"wp-block-image size-large\"><img loading=\"lazy\" decoding=\"async\" width=\"1024\" height=\"508\" src=\"https:\/\/wp.blasmusik-gebenbach.de\/wp-content\/uploads\/2025_Kreiskonzert_03-1024x508.jpg\" alt=\"\" class=\"wp-image-3957\" srcset=\"https:\/\/wp.blasmusik-gebenbach.de\/wp-content\/uploads\/2025_Kreiskonzert_03-1024x508.jpg 1024w, https:\/\/wp.blasmusik-gebenbach.de\/wp-content\/uploads\/2025_Kreiskonzert_03-300x149.jpg 300w, https:\/\/wp.blasmusik-gebenbach.de\/wp-content\/uploads\/2025_Kreiskonzert_03-768x381.jpg 768w, https:\/\/wp.blasmusik-gebenbach.de\/wp-content\/uploads\/2025_Kreiskonzert_03-1536x762.jpg 1536w, https:\/\/wp.blasmusik-gebenbach.de\/wp-content\/uploads\/2025_Kreiskonzert_03.jpg 1920w\" sizes=\"auto, (max-width: 1024px) 100vw, 1024px\" \/><\/figure>\n\n\n\n<p>Thomas Freimuth, der Bezirksjugendleiter der Nordbayerischen Bl\u00e4serjugend im Bezirk Oberpfalz, selbst aktiver Musiker in Gebenbach und Teilnehmer des Kreisorchesters, stellte kurz dessen Arbeit sowie die Aktivit\u00e4ten auf Kreisebene vor.<\/p>\n\n\n\n<p>Ein gro\u00dfer Dank gilt der Ammerthaler Blaskapelle und der Blasmusik Gebenbach f\u00fcr die Bereitstellung der Probenr\u00e4ume, der Pfarreiengemeinschaft Hahnnach \u2013 Gebenbach \u2013 Ursulapoppenricht f\u00fcr die \u00dcberlassung der Kirche sowie der Kreisvorstandschaft Amberg-Sulzbach f\u00fcr die sehr gelungene Vorbereitung und Durchf\u00fchrung dieses besonderen Konzertes.<\/p>\n\n\n\n<p>Die Musikerinnen und Musiker stammten aus folgenden Vereinen: Werkvolkkapelle Schlicht, Ammerthaler Blaskapelle, Hahnbacher Marktbl\u00e4ser, Blaskapelle St. \u00c4gidius Schmidm\u00fchlen, Blasmusik Gebenbach, Musikverein Haselm\u00fchl-K\u00fcmmersbruck, Bergknappenkapelle Sulzbach-Rosenberg, Blaskapelle Neuhauser Boum, Jugendblaskapelle Nabburg.<\/p>\n\n\n\n<p>Eine Neuauflage ist f\u00fcr n\u00e4chstes Jahr bereits geplant (Probentage am 27.09. und 24.10.2026, Konzert am 25.10.2026 um 17:00 Uhr in Schmidm\u00fchlen).<\/p>\n\n\n\n<p><em>Bericht: Dr. Christian B\u00e4uml<\/em><\/p>\n\n\n\n<p><\/p>\n","protected":false},"excerpt":{"rendered":"<p>Ein herausragendes Konzerterlebnis erwartete die Besucher in der Kirche St. Martin Gebenbach am Sonntag, den 19. Oktober 2025: Der Kreisverband Amberg-Sulzbach des Nordbayerischen Musikbundes e.V.&hellip;<\/p>\n","protected":false},"author":1,"featured_media":3956,"comment_status":"closed","ping_status":"closed","sticky":false,"template":"","format":"standard","meta":{"qubely_global_settings":"","qubely_interactions":"","inline_featured_image":false,"_uag_custom_page_level_css":"","footnotes":""},"categories":[1],"tags":[],"class_list":["post-3958","post","type-post","status-publish","format-standard","has-post-thumbnail","hentry","category-allgemein"],"qubely_featured_image_url":{"full":["https:\/\/wp.blasmusik-gebenbach.de\/wp-content\/uploads\/2025_Kreiskonzert_02.jpg",1920,1278,false],"landscape":["https:\/\/wp.blasmusik-gebenbach.de\/wp-content\/uploads\/2025_Kreiskonzert_02-1200x750.jpg",1200,750,true],"portraits":["https:\/\/wp.blasmusik-gebenbach.de\/wp-content\/uploads\/2025_Kreiskonzert_02-540x320.jpg",540,320,true],"thumbnail":["https:\/\/wp.blasmusik-gebenbach.de\/wp-content\/uploads\/2025_Kreiskonzert_02-150x150.jpg",150,150,true],"medium":["https:\/\/wp.blasmusik-gebenbach.de\/wp-content\/uploads\/2025_Kreiskonzert_02-300x200.jpg",300,200,true],"medium_large":["https:\/\/wp.blasmusik-gebenbach.de\/wp-content\/uploads\/2025_Kreiskonzert_02-768x511.jpg",768,511,true],"large":["https:\/\/wp.blasmusik-gebenbach.de\/wp-content\/uploads\/2025_Kreiskonzert_02-1024x682.jpg",843,561,true],"1536x1536":["https:\/\/wp.blasmusik-gebenbach.de\/wp-content\/uploads\/2025_Kreiskonzert_02-1536x1022.jpg",1536,1022,true],"2048x2048":["https:\/\/wp.blasmusik-gebenbach.de\/wp-content\/uploads\/2025_Kreiskonzert_02.jpg",1920,1278,false],"qubely_landscape":["https:\/\/wp.blasmusik-gebenbach.de\/wp-content\/uploads\/2025_Kreiskonzert_02-1200x750.jpg",1200,750,true],"qubely_portrait":["https:\/\/wp.blasmusik-gebenbach.de\/wp-content\/uploads\/2025_Kreiskonzert_02-540x320.jpg",540,320,true],"qubely_thumbnail":["https:\/\/wp.blasmusik-gebenbach.de\/wp-content\/uploads\/2025_Kreiskonzert_02-140x100.jpg",140,100,true]},"qubely_author":{"display_name":"wp_admin","author_link":"https:\/\/wp.blasmusik-gebenbach.de\/?author=1"},"qubely_comment":0,"qubely_category":"<a href=\"https:\/\/wp.blasmusik-gebenbach.de\/?cat=1\" rel=\"category\">Allgemein<\/a>","qubely_excerpt":"Ein herausragendes Konzerterlebnis erwartete die Besucher in der Kirche St. Martin Gebenbach am Sonntag, den 19. Oktober 2025: Der Kreisverband Amberg-Sulzbach des Nordbayerischen Musikbundes e.V.&hellip;","uagb_featured_image_src":{"full":["https:\/\/wp.blasmusik-gebenbach.de\/wp-content\/uploads\/2025_Kreiskonzert_02.jpg",1920,1278,false],"thumbnail":["https:\/\/wp.blasmusik-gebenbach.de\/wp-content\/uploads\/2025_Kreiskonzert_02-150x150.jpg",150,150,true],"medium":["https:\/\/wp.blasmusik-gebenbach.de\/wp-content\/uploads\/2025_Kreiskonzert_02-300x200.jpg",300,200,true],"medium_large":["https:\/\/wp.blasmusik-gebenbach.de\/wp-content\/uploads\/2025_Kreiskonzert_02-768x511.jpg",768,511,true],"large":["https:\/\/wp.blasmusik-gebenbach.de\/wp-content\/uploads\/2025_Kreiskonzert_02-1024x682.jpg",843,561,true],"1536x1536":["https:\/\/wp.blasmusik-gebenbach.de\/wp-content\/uploads\/2025_Kreiskonzert_02-1536x1022.jpg",1536,1022,true],"2048x2048":["https:\/\/wp.blasmusik-gebenbach.de\/wp-content\/uploads\/2025_Kreiskonzert_02.jpg",1920,1278,false],"qubely_landscape":["https:\/\/wp.blasmusik-gebenbach.de\/wp-content\/uploads\/2025_Kreiskonzert_02-1200x750.jpg",1200,750,true],"qubely_portrait":["https:\/\/wp.blasmusik-gebenbach.de\/wp-content\/uploads\/2025_Kreiskonzert_02-540x320.jpg",540,320,true],"qubely_thumbnail":["https:\/\/wp.blasmusik-gebenbach.de\/wp-content\/uploads\/2025_Kreiskonzert_02-140x100.jpg",140,100,true]},"uagb_author_info":{"display_name":"wp_admin","author_link":"https:\/\/wp.blasmusik-gebenbach.de\/?author=1"},"uagb_comment_info":0,"uagb_excerpt":"Ein herausragendes Konzerterlebnis erwartete die Besucher in der Kirche St. Martin Gebenbach am Sonntag, den 19. Oktober 2025: Der Kreisverband Amberg-Sulzbach des Nordbayerischen Musikbundes e.V.&hellip;","_links":{"self":[{"href":"https:\/\/wp.blasmusik-gebenbach.de\/index.php?rest_route=\/wp\/v2\/posts\/3958","targetHints":{"allow":["GET"]}}],"collection":[{"href":"https:\/\/wp.blasmusik-gebenbach.de\/index.php?rest_route=\/wp\/v2\/posts"}],"about":[{"href":"https:\/\/wp.blasmusik-gebenbach.de\/index.php?rest_route=\/wp\/v2\/types\/post"}],"author":[{"embeddable":true,"href":"https:\/\/wp.blasmusik-gebenbach.de\/index.php?rest_route=\/wp\/v2\/users\/1"}],"replies":[{"embeddable":true,"href":"https:\/\/wp.blasmusik-gebenbach.de\/index.php?rest_route=%2Fwp%2Fv2%2Fcomments&post=3958"}],"version-history":[{"count":2,"href":"https:\/\/wp.blasmusik-gebenbach.de\/index.php?rest_route=\/wp\/v2\/posts\/3958\/revisions"}],"predecessor-version":[{"id":3960,"href":"https:\/\/wp.blasmusik-gebenbach.de\/index.php?rest_route=\/wp\/v2\/posts\/3958\/revisions\/3960"}],"wp:featuredmedia":[{"embeddable":true,"href":"https:\/\/wp.blasmusik-gebenbach.de\/index.php?rest_route=\/wp\/v2\/media\/3956"}],"wp:attachment":[{"href":"https:\/\/wp.blasmusik-gebenbach.de\/index.php?rest_route=%2Fwp%2Fv2%2Fmedia&parent=3958"}],"wp:term":[{"taxonomy":"category","embeddable":true,"href":"https:\/\/wp.blasmusik-gebenbach.de\/index.php?rest_route=%2Fwp%2Fv2%2Fcategories&post=3958"},{"taxonomy":"post_tag","embeddable":true,"href":"https:\/\/wp.blasmusik-gebenbach.de\/index.php?rest_route=%2Fwp%2Fv2%2Ftags&post=3958"}],"curies":[{"name":"wp","href":"https:\/\/api.w.org\/{rel}","templated":true}]}}