{"id":3978,"date":"2025-12-29T11:47:28","date_gmt":"2025-12-29T10:47:28","guid":{"rendered":"https:\/\/wp.blasmusik-gebenbach.de\/?p=3978"},"modified":"2025-12-29T11:47:29","modified_gmt":"2025-12-29T10:47:29","slug":"einladung-zur-mitgliederversammlung-der-blasmusik-gebenbach","status":"publish","type":"post","link":"https:\/\/wp.blasmusik-gebenbach.de\/?p=3978","title":{"rendered":"Einladung zur Mitgliederversammlung der Blasmusik Gebenbach"},"content":{"rendered":"\n<p>Am <strong>05. Januar<\/strong> 2026 um 19:30 findet die <strong>Mitgliederversammlung <\/strong>der Blasmusik Gebenbach im <strong>Pfarrsaal Gebenbach<\/strong> statt.<\/p>\n\n\n\n<p>Neben den Berichten von Vorstand, Dirigenten, Aktivensprecher und Kassier, steht die turnusgem\u00e4\u00dfe Neuwahl des Gesamtvorstandes auf der Tagesordnung.<\/p>\n\n\n\n<p>Der Vorstand informiert au\u00dferdem \u00fcber die Einf\u00fchrung des \u201eteambasierten Vereinsmanagements&#8220;.<\/p>\n\n\n\n<p>Alle Mitglieder und Interessierte sind herzlich eingeladen.<\/p>\n\n\n\n<p><\/p>\n","protected":false},"excerpt":{"rendered":"<p>Am 05. Januar 2026 um 19:30 findet die Mitgliederversammlung der Blasmusik Gebenbach im Pfarrsaal Gebenbach statt. Neben den Berichten von Vorstand, Dirigenten, Aktivensprecher und Kassier,&hellip;<\/p>\n","protected":false},"author":1,"featured_media":0,"comment_status":"closed","ping_status":"closed","sticky":false,"template":"","format":"standard","meta":{"qubely_global_settings":"","qubely_interactions":"","inline_featured_image":false,"_uag_custom_page_level_css":"","footnotes":""},"categories":[1],"tags":[],"class_list":["post-3978","post","type-post","status-publish","format-standard","hentry","category-allgemein"],"qubely_featured_image_url":null,"qubely_author":{"display_name":"wp_admin","author_link":"https:\/\/wp.blasmusik-gebenbach.de\/?author=1"},"qubely_comment":0,"qubely_category":"<a href=\"https:\/\/wp.blasmusik-gebenbach.de\/?cat=1\" rel=\"category\">Allgemein<\/a>","qubely_excerpt":"Am 05. Januar 2026 um 19:30 findet die Mitgliederversammlung der Blasmusik Gebenbach im Pfarrsaal Gebenbach statt. Neben den Berichten von Vorstand, Dirigenten, Aktivensprecher und Kassier,&hellip;","uagb_featured_image_src":{"full":false,"thumbnail":false,"medium":false,"medium_large":false,"large":false,"1536x1536":false,"2048x2048":false,"qubely_landscape":false,"qubely_portrait":false,"qubely_thumbnail":false},"uagb_author_info":{"display_name":"wp_admin","author_link":"https:\/\/wp.blasmusik-gebenbach.de\/?author=1"},"uagb_comment_info":0,"uagb_excerpt":"Am 05. Januar 2026 um 19:30 findet die Mitgliederversammlung der Blasmusik Gebenbach im Pfarrsaal Gebenbach statt. Neben den Berichten von Vorstand, Dirigenten, Aktivensprecher und Kassier,&hellip;","_links":{"self":[{"href":"https:\/\/wp.blasmusik-gebenbach.de\/index.php?rest_route=\/wp\/v2\/posts\/3978","targetHints":{"allow":["GET"]}}],"collection":[{"href":"https:\/\/wp.blasmusik-gebenbach.de\/index.php?rest_route=\/wp\/v2\/posts"}],"about":[{"href":"https:\/\/wp.blasmusik-gebenbach.de\/index.php?rest_route=\/wp\/v2\/types\/post"}],"author":[{"embeddable":true,"href":"https:\/\/wp.blasmusik-gebenbach.de\/index.php?rest_route=\/wp\/v2\/users\/1"}],"replies":[{"embeddable":true,"href":"https:\/\/wp.blasmusik-gebenbach.de\/index.php?rest_route=%2Fwp%2Fv2%2Fcomments&post=3978"}],"version-history":[{"count":1,"href":"https:\/\/wp.blasmusik-gebenbach.de\/index.php?rest_route=\/wp\/v2\/posts\/3978\/revisions"}],"predecessor-version":[{"id":3979,"href":"https:\/\/wp.blasmusik-gebenbach.de\/index.php?rest_route=\/wp\/v2\/posts\/3978\/revisions\/3979"}],"wp:attachment":[{"href":"https:\/\/wp.blasmusik-gebenbach.de\/index.php?rest_route=%2Fwp%2Fv2%2Fmedia&parent=3978"}],"wp:term":[{"taxonomy":"category","embeddable":true,"href":"https:\/\/wp.blasmusik-gebenbach.de\/index.php?rest_route=%2Fwp%2Fv2%2Fcategories&post=3978"},{"taxonomy":"post_tag","embeddable":true,"href":"https:\/\/wp.blasmusik-gebenbach.de\/index.php?rest_route=%2Fwp%2Fv2%2Ftags&post=3978"}],"curies":[{"name":"wp","href":"https:\/\/api.w.org\/{rel}","templated":true}]}}